{"id":44663,"date":"2025-04-03T07:45:02","date_gmt":"2025-04-03T07:45:02","guid":{"rendered":"https:\/\/247stiri.ro\/index.php\/2025\/04\/03\/victor-ponta-a-schimbat-strategia-pentru-alegerile-prezidentiale-din-luna-mai-tu-nu-esti-calin-georgescu-cum-se-foloseste-de-george-simion-video\/"},"modified":"2025-04-03T07:45:02","modified_gmt":"2025-04-03T07:45:02","slug":"victor-ponta-a-schimbat-strategia-pentru-alegerile-prezidentiale-din-luna-mai-tu-nu-esti-calin-georgescu-cum-se-foloseste-de-george-simion-video","status":"publish","type":"post","link":"https:\/\/247stiri.ro\/index.php\/2025\/04\/03\/victor-ponta-a-schimbat-strategia-pentru-alegerile-prezidentiale-din-luna-mai-tu-nu-esti-calin-georgescu-cum-se-foloseste-de-george-simion-video\/","title":{"rendered":"Victor Ponta a schimbat strategia pentru alegerile preziden\u021biale din luna mai: \u201eTu nu e\u0219ti C\u0103lin Georgescu!\u201d. Cum se folose\u0219te de George Simion &#8211; VIDEO"},"content":{"rendered":"<p>Asta, dup\u0103 ce \u00een urm\u0103 cu doar c\u00e2teva zile \u00eel ataca pe Simion \u0219i spunea c\u0103 acesta nu se compar\u0103 cu Georgescu.\u00a0<\/p>\n<p>Ponta se folose\u0219te de imaginea lui Simion pentru voturi<\/p>\n<p>\u201ePlanul lui Nicu\u0219or Dan nu este planul lui Nicu\u0219or Dan, e a lui Soro\u0219 prin Alina Mungiu-Pippidi, \u0219i-au dat seama ca pierd puterea. L-au eliminat degeaba pe C\u0103lin Georgescu. Eu \u0219i George Simion punem cap\u0103t re\u021belei care a distrus Rom\u00e2nia \u00een ultimii 10 ani. Ne-au distrus democra\u021bia, rom\u00e2nii vor veni \u0219i mai mul\u021bi al\u0103turi de Ponta \u0219i Simion. Vom termina cu Crinii \u0219i Nicu\u0219orii, cu to\u021bi cei din sistemul care ne-a v\u00e2ndut&#8230; ne lu\u0103m Rom\u00e2nia \u00eenapoi.\u201d, spunea Ponta.<\/p>\n<p><a title=\"@victorpontaoficial\" href=\"https:\/\/www.tiktok.com\/@victorpontaoficial?refer=embed\" target=\"_blank\">@victorpontaoficial<\/a> Nu e planul lui Nicu\u0219or Dan. E planul re\u021belei care conduce Rom\u00e2nia din umbr\u0103. Re\u021beaua Soro\u0219, Mungiu-Pippidi, Crin, Nicu\u0219or \u2013 aceea\u0219i pies\u0103, alt\u0103 masc\u0103. Rom\u00e2nii s-au s\u0103turat s\u0103 fie min\u021bi\u021bi, \u00eendatora\u021bi \u0219i v\u00e2ndu\u021bi. Pe 18 mai, punem cap\u0103t acestei re\u021bele. <a title=\"romaniapeprimulloc\" href=\"https:\/\/www.tiktok.com\/tag\/romaniapeprimulloc?refer=embed\" target=\"_blank\">#romaniapeprimulloc<\/a> <a title=\"victorponta\" href=\"https:\/\/www.tiktok.com\/tag\/victorponta?refer=embed\" target=\"_blank\">#victorponta<\/a> <a title=\"\u266c original sound - VictorPontaOficial\" href=\"https:\/\/www.tiktok.com\/music\/original-sound-7488654141573663510?refer=embed\" target=\"_blank\">\u266c original sound &#8211; VictorPontaOficial<\/a><\/p>\n<p>Ulterior, <a href=\"https:\/\/www.realitatea.net\/stiri\/actual\/jocul-murdar-al-suveranistului-vopsit-cine-il-sustine-din-umbra-acuzatii-grave-in-coalitie_67ed3e55723c755ec338f7d2\" target=\"_blank\">acesta \u0219i-a schimbat discursul.<\/a><\/p>\n<p>\u201eGeorge Simion, ascult\u0103-m\u0103 bine: tu nu e\u0219ti C\u0103lin Georgescu! Nu ai educa\u021bia, preg\u0103tirea, experien\u021ba, valorile \u0219i credin\u021ba lui \u00een Dumnezeu. Nu po\u021bi s\u0103 fii pre\u0219edinte \u0219i \u0219tii acest lucru!\u201d, a zis <a href=\"https:\/\/www.realitatea.net\/stiri\/actual\/marius-tuca-il-demasca-pe-ponta-esti-absolut-penibil_67ecee2d92092904c47226e7\" target=\"_blank\">Victor Ponta<\/a> \u00een mediul online.<\/p>\n<p><a title=\"@victorpontaoficial\" href=\"https:\/\/www.tiktok.com\/@victorpontaoficial?refer=embed\" target=\"_blank\">@victorpontaoficial<\/a> GEORGE SIMION NU ESTE C\u0102LIN GEORGESCU &#8211; NU ESTE PREG\u0102TIT S\u0102 FIE PRE\u0218EDINTE! ACUM, NOI PUTEM PUNE ROM\u00c2NIA PE PRIMUL LOC! <a title=\"romaniapeprimulloc\" href=\"https:\/\/www.tiktok.com\/tag\/romaniapeprimulloc?refer=embed\" target=\"_blank\">#romaniapeprimulloc<\/a> <a title=\"victorponta\" href=\"https:\/\/www.tiktok.com\/tag\/victorponta?refer=embed\" target=\"_blank\">#victorponta<\/a> <a title=\"\u266c sunet original - VictorPontaOficial\" href=\"https:\/\/www.tiktok.com\/music\/sunet-original-7485052016244247318?refer=embed\" target=\"_blank\">\u266c sunet original &#8211; VictorPontaOficial<\/a><\/p>","protected":false},"excerpt":{"rendered":"<p>Asta, dup\u0103 ce \u00een urm\u0103 cu doar c\u00e2teva zile \u00eel ataca pe Simion \u0219i spunea&hellip;<\/p>\n","protected":false},"author":0,"featured_media":44664,"comment_status":"open","ping_status":"open","sticky":false,"template":"","format":"standard","meta":{"footnotes":""},"categories":[3],"tags":[],"class_list":["post-44663","post","type-post","status-publish","format-standard","has-post-thumbnail","hentry","category-politica"],"_links":{"self":[{"href":"https:\/\/247stiri.ro\/index.php\/wp-json\/wp\/v2\/posts\/44663","targetHints":{"allow":["GET"]}}],"collection":[{"href":"https:\/\/247stiri.ro\/index.php\/wp-json\/wp\/v2\/posts"}],"about":[{"href":"https:\/\/247stiri.ro\/index.php\/wp-json\/wp\/v2\/types\/post"}],"replies":[{"embeddable":true,"href":"https:\/\/247stiri.ro\/index.php\/wp-json\/wp\/v2\/comments?post=44663"}],"version-history":[{"count":0,"href":"https:\/\/247stiri.ro\/index.php\/wp-json\/wp\/v2\/posts\/44663\/revisions"}],"wp:featuredmedia":[{"embeddable":true,"href":"https:\/\/247stiri.ro\/index.php\/wp-json\/wp\/v2\/media\/44664"}],"wp:attachment":[{"href":"https:\/\/247stiri.ro\/index.php\/wp-json\/wp\/v2\/media?parent=44663"}],"wp:term":[{"taxonomy":"category","embeddable":true,"href":"https:\/\/247stiri.ro\/index.php\/wp-json\/wp\/v2\/categories?post=44663"},{"taxonomy":"post_tag","embeddable":true,"href":"https:\/\/247stiri.ro\/index.php\/wp-json\/wp\/v2\/tags?post=44663"}],"curies":[{"name":"wp","href":"https:\/\/api.w.org\/{rel}","templated":true}]}}