{"id":44665,"date":"2025-04-03T07:45:03","date_gmt":"2025-04-03T07:45:03","guid":{"rendered":"https:\/\/247stiri.ro\/index.php\/2025\/04\/03\/romania-va-fi-direct-afectata-de-noile-tarife-impuse-de-trump-un-europarlamentar-roman-vorbeste-despre-o-cruciada-economica\/"},"modified":"2025-04-03T07:45:03","modified_gmt":"2025-04-03T07:45:03","slug":"romania-va-fi-direct-afectata-de-noile-tarife-impuse-de-trump-un-europarlamentar-roman-vorbeste-despre-o-cruciada-economica","status":"publish","type":"post","link":"https:\/\/247stiri.ro\/index.php\/2025\/04\/03\/romania-va-fi-direct-afectata-de-noile-tarife-impuse-de-trump-un-europarlamentar-roman-vorbeste-despre-o-cruciada-economica\/","title":{"rendered":"Rom\u00e2nia va fi DIRECT afectat\u0103 de noile tarife impuse de Trump. Un europarlamentar rom\u00e2n vorbe\u0219te despre o &#8222;cruciad\u0103 economic\u0103&#8221;"},"content":{"rendered":"<p>\u201dTarifele anun\u0163ate de pre\u015fedintele Statelor Unite, Donald Trump, afecteaz\u0103 direct Rom\u00e2nia. Nu putem asista pasivi la aceast\u0103 cruciad\u0103 comercial\u0103 cu multe victime. Decizia administra\u0163iei americane risc\u0103 s\u0103 loveasc\u0103 direct exporturile rom\u00e2ne\u015fti din industrii-cheie: componente auto, echipamente industriale, bunuri agroalimentare. Efectele se pot traduce \u00een pierderi de locuri de munc\u0103 \u015fi presiuni economice suplimentare pentru companiile noastre\u201d, a scris Victor Negrescu pe Facebook.<\/p>\n<p>Eurodeputatul PSD arat\u0103 c\u0103 \u201dnu e o criz\u0103 doar a marilor state, ci este \u015fi problema noastr\u0103\u201d.<\/p>\n<p>\u201dRom\u00e2nia risc\u0103 s\u0103 fie una dintre \u0163\u0103rile puternic afectate prin efectele \u00een cascad\u0103 ale deciziei \u015fi, f\u0103r\u0103 o reac\u0163ie european\u0103 coordonat\u0103, s\u0103 fie l\u0103sat\u0103 la urm\u0103. \u0162ara noastr\u0103 are un excedent comercial cu Statele Unite de 1 miliard de dolari\u201d, subliniaz\u0103 Negrescu.<\/p>\n<p>El mai spune c\u0103 a venit, \u00een Parlamentul European, cu o serie de propuneri \u015fi am ini\u0163iat deja demersuri pentru compensarea pierderilor prin fonduri europene, a\u015fa cum s-a f\u0103cut \u00een pandemie sau \u00een cazul Brexitului.<\/p>\n<p>\u00a0<\/p>","protected":false},"excerpt":{"rendered":"<p>\u201dTarifele anun\u0163ate de pre\u015fedintele Statelor Unite, Donald Trump, afecteaz\u0103 direct Rom\u00e2nia. Nu putem asista pasivi&hellip;<\/p>\n","protected":false},"author":0,"featured_media":44666,"comment_status":"open","ping_status":"open","sticky":false,"template":"","format":"standard","meta":{"footnotes":""},"categories":[2],"tags":[],"class_list":["post-44665","post","type-post","status-publish","format-standard","has-post-thumbnail","hentry","category-actual"],"_links":{"self":[{"href":"https:\/\/247stiri.ro\/index.php\/wp-json\/wp\/v2\/posts\/44665","targetHints":{"allow":["GET"]}}],"collection":[{"href":"https:\/\/247stiri.ro\/index.php\/wp-json\/wp\/v2\/posts"}],"about":[{"href":"https:\/\/247stiri.ro\/index.php\/wp-json\/wp\/v2\/types\/post"}],"replies":[{"embeddable":true,"href":"https:\/\/247stiri.ro\/index.php\/wp-json\/wp\/v2\/comments?post=44665"}],"version-history":[{"count":0,"href":"https:\/\/247stiri.ro\/index.php\/wp-json\/wp\/v2\/posts\/44665\/revisions"}],"wp:featuredmedia":[{"embeddable":true,"href":"https:\/\/247stiri.ro\/index.php\/wp-json\/wp\/v2\/media\/44666"}],"wp:attachment":[{"href":"https:\/\/247stiri.ro\/index.php\/wp-json\/wp\/v2\/media?parent=44665"}],"wp:term":[{"taxonomy":"category","embeddable":true,"href":"https:\/\/247stiri.ro\/index.php\/wp-json\/wp\/v2\/categories?post=44665"},{"taxonomy":"post_tag","embeddable":true,"href":"https:\/\/247stiri.ro\/index.php\/wp-json\/wp\/v2\/tags?post=44665"}],"curies":[{"name":"wp","href":"https:\/\/api.w.org\/{rel}","templated":true}]}}