{"id":44671,"date":"2025-04-03T07:45:06","date_gmt":"2025-04-03T07:45:06","guid":{"rendered":"https:\/\/247stiri.ro\/index.php\/2025\/04\/03\/un-jandarm-s-a-sinucis-chiar-de-ziua-jandarmeriei-barbatul-si-a-tras-un-glont-in-cap\/"},"modified":"2025-04-03T07:45:06","modified_gmt":"2025-04-03T07:45:06","slug":"un-jandarm-s-a-sinucis-chiar-de-ziua-jandarmeriei-barbatul-si-a-tras-un-glont-in-cap","status":"publish","type":"post","link":"https:\/\/247stiri.ro\/index.php\/2025\/04\/03\/un-jandarm-s-a-sinucis-chiar-de-ziua-jandarmeriei-barbatul-si-a-tras-un-glont-in-cap\/","title":{"rendered":"Un jandarm s-a sinucis chiar de Ziua Jandarmeriei. B\u0103rbatul \u0219i-a tras un glon\u021b \u00een cap"},"content":{"rendered":"<p>Din primele informa\u021bii, subofi\u021berul Constantin Olari, de 34 de ani, s-a \u00eempu\u0219cat \u00een cap cu pistolul din dotare. Era angajat \u00een Jandarmerie din 2014, iar la Suceava activa din 2017, potrivit <a href=\"https:\/\/www.monitorulsv.ro\/foto\/txSnD2QR\/1\" target=\"_blank\">Monitorul de Suceava.<\/a><\/p>\n<p>El a fost g\u0103sit de c\u0103tre colegi \u00een momentul c\u00e2nd ace\u0219tia au venit diminea\u021b\u0103 la serviciu.<\/p>\n<p>Ancheta a fost preluat\u0103 de un procuror militar de la Parchetul Militar Ia\u0219i.<\/p>\n<p>\u201eJandarmeria Suceava regret\u0103 profund tragicul incident petrecut \u00een timpul serviciului, \u00een urma c\u0103ruia un subofi\u021ber \u00een v\u00e2rst\u0103 de 34 de ani, din cadrul Deta\u0219amentului 4 Jandarmi Vatra Dornei, a fost g\u0103sit decedat, prezent\u00e2nd o plag\u0103 prin \u00eempu\u0219care la nivelul capului. Evenimentul a fost descoperit de c\u0103tre colegii care au intrat \u00een tura de serviciu, iar imediat a fost apelat num\u0103rul unic de urgen\u021b\u0103 112. Din nefericire, echipajul medical sosit la fa\u021ba locului a constatat decesul acestuia. Jandarmul \u00ee\u0219i desf\u0103\u0219ura activitatea \u00een Jandarmeria Rom\u00e2n\u0103 din anul 2014, iar \u00een cadrul IJJ Suceava din 2017. Acesta a fost evaluat psihologic \u00een noiembrie 2022, unde a fost declarat apt\u201d, anun\u021b\u0103 Inspectoratul Jude\u021bean de Jandarmi Suceava.<\/p>\n<p>Ziua Jandarmeriei Rom\u00e2ne este marcat\u0103 \u00een fiecare an la 3 aprilie,\u00a0<\/p>","protected":false},"excerpt":{"rendered":"<p>Din primele informa\u021bii, subofi\u021berul Constantin Olari, de 34 de ani, s-a \u00eempu\u0219cat \u00een cap cu&hellip;<\/p>\n","protected":false},"author":0,"featured_media":44672,"comment_status":"open","ping_status":"open","sticky":false,"template":"","format":"standard","meta":{"footnotes":""},"categories":[2],"tags":[],"class_list":["post-44671","post","type-post","status-publish","format-standard","has-post-thumbnail","hentry","category-actual"],"_links":{"self":[{"href":"https:\/\/247stiri.ro\/index.php\/wp-json\/wp\/v2\/posts\/44671","targetHints":{"allow":["GET"]}}],"collection":[{"href":"https:\/\/247stiri.ro\/index.php\/wp-json\/wp\/v2\/posts"}],"about":[{"href":"https:\/\/247stiri.ro\/index.php\/wp-json\/wp\/v2\/types\/post"}],"replies":[{"embeddable":true,"href":"https:\/\/247stiri.ro\/index.php\/wp-json\/wp\/v2\/comments?post=44671"}],"version-history":[{"count":0,"href":"https:\/\/247stiri.ro\/index.php\/wp-json\/wp\/v2\/posts\/44671\/revisions"}],"wp:featuredmedia":[{"embeddable":true,"href":"https:\/\/247stiri.ro\/index.php\/wp-json\/wp\/v2\/media\/44672"}],"wp:attachment":[{"href":"https:\/\/247stiri.ro\/index.php\/wp-json\/wp\/v2\/media?parent=44671"}],"wp:term":[{"taxonomy":"category","embeddable":true,"href":"https:\/\/247stiri.ro\/index.php\/wp-json\/wp\/v2\/categories?post=44671"},{"taxonomy":"post_tag","embeddable":true,"href":"https:\/\/247stiri.ro\/index.php\/wp-json\/wp\/v2\/tags?post=44671"}],"curies":[{"name":"wp","href":"https:\/\/api.w.org\/{rel}","templated":true}]}}