{"id":44693,"date":"2025-04-03T08:45:29","date_gmt":"2025-04-03T08:45:29","guid":{"rendered":"https:\/\/247stiri.ro\/index.php\/2025\/04\/03\/tragedie-in-constanta-stefan-si-a-pus-capat-zilelor-la-23-de-ani-dupa-ce-i-au-fost-spulberate-visurile\/"},"modified":"2025-04-03T08:45:29","modified_gmt":"2025-04-03T08:45:29","slug":"tragedie-in-constanta-stefan-si-a-pus-capat-zilelor-la-23-de-ani-dupa-ce-i-au-fost-spulberate-visurile","status":"publish","type":"post","link":"https:\/\/247stiri.ro\/index.php\/2025\/04\/03\/tragedie-in-constanta-stefan-si-a-pus-capat-zilelor-la-23-de-ani-dupa-ce-i-au-fost-spulberate-visurile\/","title":{"rendered":"Tragedie \u00een Constan\u021ba: \u0218tefan \u0219i-a pus cap\u0103t zilelor, la 23 de ani, dup\u0103 ce i-au fost spulberate visurile"},"content":{"rendered":"<p>O dispari\u021bie care s-a transformat \u00eentr-un co\u0219mar<\/p>\n<p>Familia lui \u0218tefan a alertat autorit\u0103\u021bile la 24 de ore dup\u0103 ce acesta nu s-a mai \u00eentors acas\u0103. \u00cencepute imediat, c\u0103ut\u0103rile au durat mai multe zile, iar vestea descoperirii sale f\u0103r\u0103 via\u021b\u0103 a c\u0103zut ca un tr\u0103snet peste apropia\u021bi \u0219i prieteni.<\/p>\n<p><a href=\"https:\/\/www.realitatea.net\/stiri\/actual\/un-barbat-a-amenintat-pe-facebook-ca-se-sinucide-politia-a-intervenit-la-timp-video_67eaf79741c4ac3bec15aed2\" target=\"_blank\">Potrivit unor surse<\/a> din pres\u0103, t\u00e2n\u0103rul a l\u0103sat un bilet de adio \u0219i datele de acces ale conturilor sale online, ceea ce a sporit \u00eengrijorarea p\u0103rin\u021bilor s\u0103i. De asemenea, se pare c\u0103, \u00een ultima perioad\u0103, \u00ee\u0219i \u00eemp\u0103rt\u0103\u0219ise g\u00e2ndurile negre unui prieten apropiat, iar pe laptopul s\u0103u au fost g\u0103site mesaje \u00een care \u00ee\u0219i exprima suferin\u021ba \u0219i dorin\u021ba de a fi \u00een\u021beles de cei din jur.<\/p>\n<p>Un vis ne\u00eemplinit \u0219i o lupt\u0103 interioar\u0103<\/p>\n<p>Visul cel mai mare al lui \u0218tefan era s\u0103-\u0219i finalizeze studiile universitare, \u00eens\u0103 circumstan\u021bele vie\u021bii l-au for\u021bat s\u0103 renun\u021be la facultate \u00een urm\u0103 cu doi ani \u0219i s\u0103 se angajeze. Aceast\u0103 schimbare brusc\u0103 pare s\u0103 fi fost o surs\u0103 major\u0103 de frustrare \u0219i triste\u021be pentru el.<\/p>\n<p><a href=\"https:\/\/www.realitatea.net\/stiri\/justitie\/fost-angajat-mapn-gasit-impuscat-intro-casa-de-vacanta-care-este-prima-ipoteza-luata-in-calcul_67e2deabdd4e0f4ddb613d96\" target=\"_blank\">\u00cen conversa\u021biile avute<\/a> cu familia sa, t\u00e2n\u0103rul \u0219i-a exprimat \u00een repetate r\u00e2nduri dorin\u021ba de a reveni la facultate, \u00eens\u0103 se pare c\u0103 nu a primit sprijinul de care avea nevoie. Conform relat\u0103rilor, tat\u0103l s\u0103u l-ar fi \u00eencurajat s\u0103 continue s\u0103 munceasc\u0103, f\u0103r\u0103 a lua \u00een considerare suferin\u021ba lui interioar\u0103. Acumularea acestor sentimente a dus, \u00een final, la gestul s\u0103u disperat, care a \u00eendurerat o \u00eentreag\u0103 comunitate.<\/p>\n<p>Comunitatea din Constan\u021ba este \u00een doliu, iar aceast\u0103 pierdere subliniaz\u0103 importan\u021ba comunic\u0103rii deschise \u0219i a empatiei \u00een rela\u021biile interumane.<\/p>\n<p>\u00a0<\/p>","protected":false},"excerpt":{"rendered":"<p>O dispari\u021bie care s-a transformat \u00eentr-un co\u0219mar Familia lui \u0218tefan a alertat autorit\u0103\u021bile la 24&hellip;<\/p>\n","protected":false},"author":0,"featured_media":44694,"comment_status":"open","ping_status":"open","sticky":false,"template":"","format":"standard","meta":{"footnotes":""},"categories":[2],"tags":[],"class_list":["post-44693","post","type-post","status-publish","format-standard","has-post-thumbnail","hentry","category-actual"],"_links":{"self":[{"href":"https:\/\/247stiri.ro\/index.php\/wp-json\/wp\/v2\/posts\/44693","targetHints":{"allow":["GET"]}}],"collection":[{"href":"https:\/\/247stiri.ro\/index.php\/wp-json\/wp\/v2\/posts"}],"about":[{"href":"https:\/\/247stiri.ro\/index.php\/wp-json\/wp\/v2\/types\/post"}],"replies":[{"embeddable":true,"href":"https:\/\/247stiri.ro\/index.php\/wp-json\/wp\/v2\/comments?post=44693"}],"version-history":[{"count":0,"href":"https:\/\/247stiri.ro\/index.php\/wp-json\/wp\/v2\/posts\/44693\/revisions"}],"wp:featuredmedia":[{"embeddable":true,"href":"https:\/\/247stiri.ro\/index.php\/wp-json\/wp\/v2\/media\/44694"}],"wp:attachment":[{"href":"https:\/\/247stiri.ro\/index.php\/wp-json\/wp\/v2\/media?parent=44693"}],"wp:term":[{"taxonomy":"category","embeddable":true,"href":"https:\/\/247stiri.ro\/index.php\/wp-json\/wp\/v2\/categories?post=44693"},{"taxonomy":"post_tag","embeddable":true,"href":"https:\/\/247stiri.ro\/index.php\/wp-json\/wp\/v2\/tags?post=44693"}],"curies":[{"name":"wp","href":"https:\/\/api.w.org\/{rel}","templated":true}]}}