{"id":447,"date":"2024-10-21T07:53:10","date_gmt":"2024-10-21T07:53:10","guid":{"rendered":"https:\/\/247stiri.ro\/index.php\/2024\/10\/21\/sedinta-la-primaria-capitalei-pentru-referendumul-lui-nicusor-dan-proiectul-psd-ignorat\/"},"modified":"2024-10-21T07:53:10","modified_gmt":"2024-10-21T07:53:10","slug":"sedinta-la-primaria-capitalei-pentru-referendumul-lui-nicusor-dan-proiectul-psd-ignorat","status":"publish","type":"post","link":"https:\/\/247stiri.ro\/index.php\/2024\/10\/21\/sedinta-la-primaria-capitalei-pentru-referendumul-lui-nicusor-dan-proiectul-psd-ignorat\/","title":{"rendered":"\u0218edin\u021b\u0103 la Prim\u0103ria Capitalei pentru referendumul lui Nicu\u0219or Dan! Proiectul PSD, ignorat"},"content":{"rendered":"<p>Consiliul General al Municipiului Bucure\u0219ti se \u00eentrune\u0219te, luni, pentru a se pronun\u021ba asupra propunerii primarului Nicu\u0219or Dan de organizare a unui referendum local \u00een aceea\u0219i zi cu primul tur al alegerilor preziden\u021biale.<\/p>\n<p>Majoritatea partidelor \u0219i-au anun\u021bat sus\u021binerea pentru consultarea popular\u0103, \u00eens\u0103 deocamdat\u0103 nu se \u0219tie dac\u0103 vor fi folosite acelea\u0219i sec\u021bii de votare \u0219i acelea\u0219i birouri electorale ce vor fi organizate pentru scrutinul preziden\u021bial. Este nevoie de o modificare legislativ\u0103 \u00een acest sens, pe care liberalii vor s\u0103 o fac\u0103 \u00een procedur\u0103 de urgen\u021b\u0103.<\/p>\n<p>Dar dac\u0103 proiectul PNL nu trece de votul Parlamentului, scrutinul ar urma s\u0103 aib\u0103 totu\u0219i loc \u00een aceea\u0219i zi. Vor fi \u00eens\u0103 costuri mai mari, cu cel pu\u021bin \u0219apte milioane de lei, a explicat Nicu\u0219or Dan.<\/p>\n<p><a href=\"https:\/\/www.realitatea.net\/stiri\/actual\/pnl-a-depus-un-amendament-pentru-ca-referendumurile-nationale-si-locale-sa-poata-avea-loc-in-aceleasi-sectii-de-votare-cu-alegerile_6712650fc35d422e6b5c74c2\" target=\"_blank\" rel=\"noopener\">PNL a depus un amendament pentru ca referendumurile na\u021bionale \u0219i locale s\u0103 poat\u0103 avea loc \u00een acelea\u0219i sec\u021bii de votare cu alegerile<\/a><\/p>","protected":false},"excerpt":{"rendered":"<p>Consiliul General al Municipiului Bucure\u0219ti se \u00eentrune\u0219te, luni, pentru a se pronun\u021ba asupra propunerii primarului&hellip;<\/p>\n","protected":false},"author":0,"featured_media":436,"comment_status":"open","ping_status":"open","sticky":false,"template":"","format":"standard","meta":{"footnotes":""},"categories":[2],"tags":[],"class_list":["post-447","post","type-post","status-publish","format-standard","has-post-thumbnail","hentry","category-actual"],"_links":{"self":[{"href":"https:\/\/247stiri.ro\/index.php\/wp-json\/wp\/v2\/posts\/447","targetHints":{"allow":["GET"]}}],"collection":[{"href":"https:\/\/247stiri.ro\/index.php\/wp-json\/wp\/v2\/posts"}],"about":[{"href":"https:\/\/247stiri.ro\/index.php\/wp-json\/wp\/v2\/types\/post"}],"replies":[{"embeddable":true,"href":"https:\/\/247stiri.ro\/index.php\/wp-json\/wp\/v2\/comments?post=447"}],"version-history":[{"count":0,"href":"https:\/\/247stiri.ro\/index.php\/wp-json\/wp\/v2\/posts\/447\/revisions"}],"wp:featuredmedia":[{"embeddable":true,"href":"https:\/\/247stiri.ro\/index.php\/wp-json\/wp\/v2\/media\/436"}],"wp:attachment":[{"href":"https:\/\/247stiri.ro\/index.php\/wp-json\/wp\/v2\/media?parent=447"}],"wp:term":[{"taxonomy":"category","embeddable":true,"href":"https:\/\/247stiri.ro\/index.php\/wp-json\/wp\/v2\/categories?post=447"},{"taxonomy":"post_tag","embeddable":true,"href":"https:\/\/247stiri.ro\/index.php\/wp-json\/wp\/v2\/tags?post=447"}],"curies":[{"name":"wp","href":"https:\/\/api.w.org\/{rel}","templated":true}]}}