{"id":4470,"date":"2024-11-04T19:10:24","date_gmt":"2024-11-04T19:10:24","guid":{"rendered":"https:\/\/247stiri.ro\/index.php\/2024\/11\/04\/cum-a-fost-ceausescu-acuzat-de-relatii-homosexuale-aspecte-mai-putin-stiute-ale-istoriei-ies-la-lumina\/"},"modified":"2024-11-04T19:10:24","modified_gmt":"2024-11-04T19:10:24","slug":"cum-a-fost-ceausescu-acuzat-de-relatii-homosexuale-aspecte-mai-putin-stiute-ale-istoriei-ies-la-lumina","status":"publish","type":"post","link":"https:\/\/247stiri.ro\/index.php\/2024\/11\/04\/cum-a-fost-ceausescu-acuzat-de-relatii-homosexuale-aspecte-mai-putin-stiute-ale-istoriei-ies-la-lumina\/","title":{"rendered":"Cum a fost Ceau\u0219escu acuzat de rela\u021bii homosexuale. Aspecte mai pu\u021bin \u0219tiute ale istoriei ies la lumin\u0103"},"content":{"rendered":"<p>Gheorghiu-Dej, Chivu Stoica \u0219i Dimit\u0103r Ganev au fost membri ai comisiei stabilit\u0103 s\u0103 evalueze \u201edec\u0103derea moral\u0103\u201c a de\u021binu\u021bilor politici. Se spune c\u0103 Chivu Stoica a pl\u0103tit cu via\u021ba pentru a ascunde un secret ru\u0219inos. Exist\u0103 zvonuri conform c\u0103rora Nicolae Ceau\u0219escu ar fi fost influen\u021bat \u00een \u00eenchisoare de un anume \u0218mil Marcovici. De asemenea, sus\u021bin\u0103torii rela\u021biilor \u00eentre b\u0103rba\u021bi au fost subiec\u021bi ai unor anchete riguroase.<\/p>\n<p>At\u00e2t Gheorghiu-Dej, c\u00e2t \u0219i Ceau\u0219escu au avut ca scop s\u0103 scrie o istorie a Partidului Comunist din Rom\u00e2nia, \u00eens\u0103 niciunul dintre ei nu a reu\u0219it s\u0103 finalizeze acest proiect. Autobiografiile detaliate ale fo\u0219tilor membri ilegali\u0219ti eviden\u021biau episoade dificile sau imposibile de integrat \u00eentr-o nara\u021biune idealizat\u0103 a revolu\u021biei proletare din \u021bar\u0103. Din manuscrisele solicitate de Ceau\u0219escu, un exemplar al autobiografiei lui Chivu Stoica, care nu a fost publicat, a fost p\u0103strat de so\u021bia sa. Maria Manolescu-Chivu este convins\u0103 c\u0103 moartea so\u021bului ei a fost cauzat\u0103 de dorin\u021ba lui Ceau\u0219escu de a elimina ultimul martor al \u201eepisodului homosexualit\u0103\u021bii&#8221; din \u00eenchisoarea Doftana, scrie Historia.<\/p>\n<p><a title=\"Se poate mai rau ca in Cluj: O garsoniera de numai 8 metri patrati a fost scoasa la inchiriere pentru 600 de euro pe luna\" href=\"https:\/\/www.realitatea.net\/stiri\/actual\/se-poate-mai-rau-ca-in-cluj-o-garsoniera-de-numai-8-metri-patrati-a-fost-scoasa-la-inchiriere-pentru-600-de-euro-pe-luna_6728dfbde189276f1f04e4e6\">Se poate mai r\u0103u ca \u00een Cluj: O garsonier\u0103 de numai 8 metri p\u0103tra\u021bi a fost scoas\u0103 la \u00eenchiriere pentru 600 de euro pe lun\u0103<\/a>\u00a0Autobiografia lui Chivu Stoica, scris\u0103 la \u00eenceputul anilor &#8217;70, cu nara\u0163iunea \u00eentrerupt\u0103 la anul 1945, exist\u0103 un fragment controversat:<\/p>\n<p>\u201eTot la Doftana, din procesul Anei Pauker, a fost \u015fi un tovar\u0103\u015f Marcovici care era membru al Biroului Politic \u015fi secretar al CC. Un om vechi \u00een partid \u015fi-n mi\u015fcarea revolu\u0163ionar\u0103. El a avut o comportare bun\u0103 tot timpul c\u00e2t a fost teroare \u015fi regimul de distrugere la Doftana, dar dup\u0103 cucerirea regimului (politic pentru de\u0163inu\u0163i, n.n.), fiind b\u0103tr\u00e2n, nu participa la via\u0163a de partid, la via\u0163a de colectiv, la munca politic\u0103, cultural\u0103, educativ\u0103, venea din c\u00e2nd \u00een c\u00e2nd \u015fi \u0163inea c\u00e2te o prelegere &#8211; era de altfel un om preg\u0103tit \u015fi cu mare experien\u0163\u0103 &#8211; pentru c\u0103 era mai b\u0103tr\u00e2n am g\u0103sit cu cale s\u0103-i d\u0103m pe cineva pentru a-i cur\u0103\u0163a celula \u015fi a-i face ordine, cu acest scop am \u00eens\u0103rcinat pe un tovar\u0103\u015f, al c\u0103rui nume nu-l mai re\u0163in, croitor era de meserie.<\/p>\n<p><a title=\"Romanii si-au pus deoparte mai multi bani pentru Black Friday de anul acesta, comparabil cu anul trecut. Cat sunt dispusi sa cheltuiasca si ce ar vrea sa isi cumpere\" href=\"https:\/\/www.realitatea.net\/stiri\/actual\/romanii-siau-pus-deoparte-mai-multi-bani-pentru-black-friday-de-anul-acesta-comparabil-cu-anul-trecut-cat-sunt-dispusi-sa-cheltuiasca-si-ce-ar-vrea-sa-isi-cumpere_67290070a56aed1fa640d99f\">Rom\u00e2nii \u0219i-au pus deoparte mai mul\u021bi bani pentru Black Friday de anul acesta, comparabil cu anul trecut. C\u00e2t sunt dispu\u0219i s\u0103 cheltuiasc\u0103 \u0219i ce ar vrea s\u0103 \u00ee\u0219i cumpere<\/a><\/p>\n<p>Dup\u0103 pu\u0163in timp am aflat c\u0103 a fost v\u0103zut de al\u0163i tovar\u0103\u015fi, fiind vizeta de la celul\u0103 deschis\u0103 pu\u0163in, c\u0103 practica perversit\u0103\u0163i. Marcovici obi\u015fnuia s\u0103 aib\u0103 rela\u0163ii \u00eendeosebi cu tovar\u0103\u015fi tineri, printre care Anghel, Sor \u015fi al\u0163ii (subliniat \u00een text, n.n.). La anchet\u0103 a confirmat \u015fi el \u015fi atunci s-au luat m\u0103suri at\u00e2t din Doftana c\u00e2t \u015fi de c\u0103tre conducerea partidului s\u0103 fie scos din partid. El moare la cutremur sub d\u0103r\u00e2m\u0103turi. Pentru cercetarea cazului s-a numit o comisie de anchet\u0103 din care f\u0103cea parte Ganev, Dej \u015fi Chivu, situa\u0163ia lui am prelucrat-o \u00een organiza\u0163ia de partid, c\u0103ci el c\u0103uta s\u0103 atrag\u0103 o serie de tineri care erau acolo, vroia s\u0103-i str\u00e2ng\u0103 \u00eentr-un cerc. Probabil c\u0103 la el era un vechi obicei, o dec\u0103dere moral\u0103. S-a lichidat cu totul dup\u0103 prelucrarea acestor fapte&#8221;.<\/p>\n<p>Dup\u0103 anul 1990, \u00een cadrul unui interviu televizat, Titus Popovici, unul dintre scriitorii afla\u021bi \u00een cercul demnitarilor comuni\u0219ti, a descris acea rela\u021bie ca fiind una sigur\u0103. Pentru a clarifica aceast\u0103 enigm\u0103, l-am c\u0103utat \u0219i am avut ocazia s\u0103 discut cu Pavel C\u00e2mpeanu. \u00cen 2002, fostul s\u0103u camarad de deten\u021bie al lui Ceau\u0219escu, Gheorghiu-Dej \u0219i ceilal\u021bi de\u021binu\u021bi de la Doftana \u00een penitenciarul din Caransebe\u0219, a confirmat autenticitatea acelui episod.<\/p>\n<p>\u201eNu Dej fusese partenerul lui Ceau\u015fescu, ci un anume Marcovici&#8221;, a precizat \u00eens\u0103 Pavel C\u00e2mpeanu, dup\u0103 informa\u0163ii din surse primare.Dimpotriv\u0103, \u201eB\u0103tr\u00e2nul&#8221;, cum era Dej poreclit, \u00eei sf\u0103tuia pe tineri \u201es\u0103 nu cad\u0103 \u00een murd\u0103ria ce dup\u0103-aceea le-ar otr\u0103vi via\u0163a&#8221;. \u015ei o f\u0103cea cu tact de mare pedagog, povestea C\u00e2mpeanu. Mi-a relatat \u00een acest sens \u015fi o \u00eent\u00e2mplare personal\u0103. Era bolnav, la infirmeria din Caransebe\u015f \u015fi vorbea, \u00een \u015foapt\u0103, cu prietenul ce i se a\u015fezase pe pat. V\u0103z\u00e2ndu-i a\u015fa, \u201eB\u0103tr\u00e2nului&#8221; i-a p\u0103rut apropierea prea tandr\u0103. Atunci i-a avertizat pe tineri asupra capcanelor vie\u0163ii de \u00eenchisoare. Precizarea lui Pavel C\u00e2mpeanu asupra corup\u0103torului \u015emil Marcovici a primit confirmarea din autobiografia lui Chivu Stoica\u00a0 men\u0163ionat\u0103 anterior.<\/p>\n<p><a href=\"https:\/\/www.realitatea.net\/stiri\/actual\/val-de-teorii-ale-conspiratiei-despre-inundatiile-din-valencia-pedeapsa-haarp-dupa-refuzul-spaniei-de-a-sprijini-israelul-sau-previziune-dintrun-serial-popular_6728e8f94f13d50e3e5d5562\" target=\"_blank\" rel=\"noopener\">Val de teorii ale conspira\u021biei despre inunda\u021biile din Valencia: Pedeapsa HAARP dup\u0103 refuzul Spaniei de a sprijini Israelul sau previziune dintr-un serial popular<\/a><\/p>","protected":false},"excerpt":{"rendered":"<p>Gheorghiu-Dej, Chivu Stoica \u0219i Dimit\u0103r Ganev au fost membri ai comisiei stabilit\u0103 s\u0103 evalueze \u201edec\u0103derea&hellip;<\/p>\n","protected":false},"author":0,"featured_media":4452,"comment_status":"open","ping_status":"open","sticky":false,"template":"","format":"standard","meta":{"footnotes":""},"categories":[2],"tags":[],"class_list":["post-4470","post","type-post","status-publish","format-standard","has-post-thumbnail","hentry","category-actual"],"_links":{"self":[{"href":"https:\/\/247stiri.ro\/index.php\/wp-json\/wp\/v2\/posts\/4470","targetHints":{"allow":["GET"]}}],"collection":[{"href":"https:\/\/247stiri.ro\/index.php\/wp-json\/wp\/v2\/posts"}],"about":[{"href":"https:\/\/247stiri.ro\/index.php\/wp-json\/wp\/v2\/types\/post"}],"replies":[{"embeddable":true,"href":"https:\/\/247stiri.ro\/index.php\/wp-json\/wp\/v2\/comments?post=4470"}],"version-history":[{"count":0,"href":"https:\/\/247stiri.ro\/index.php\/wp-json\/wp\/v2\/posts\/4470\/revisions"}],"wp:featuredmedia":[{"embeddable":true,"href":"https:\/\/247stiri.ro\/index.php\/wp-json\/wp\/v2\/media\/4452"}],"wp:attachment":[{"href":"https:\/\/247stiri.ro\/index.php\/wp-json\/wp\/v2\/media?parent=4470"}],"wp:term":[{"taxonomy":"category","embeddable":true,"href":"https:\/\/247stiri.ro\/index.php\/wp-json\/wp\/v2\/categories?post=4470"},{"taxonomy":"post_tag","embeddable":true,"href":"https:\/\/247stiri.ro\/index.php\/wp-json\/wp\/v2\/tags?post=4470"}],"curies":[{"name":"wp","href":"https:\/\/api.w.org\/{rel}","templated":true}]}}