{"id":4471,"date":"2024-11-04T19:10:24","date_gmt":"2024-11-04T19:10:24","guid":{"rendered":"https:\/\/247stiri.ro\/index.php\/2024\/11\/04\/ciolacu-anunta-o-investigatie-a-ministerului-digitalizarii-legata-de-fermele-de-boti-s-ar-putea-ca-mai-multi-candidati-sa-fi-folosit-o-astfel-de-tehnica\/"},"modified":"2024-11-04T19:10:24","modified_gmt":"2024-11-04T19:10:24","slug":"ciolacu-anunta-o-investigatie-a-ministerului-digitalizarii-legata-de-fermele-de-boti-s-ar-putea-ca-mai-multi-candidati-sa-fi-folosit-o-astfel-de-tehnica","status":"publish","type":"post","link":"https:\/\/247stiri.ro\/index.php\/2024\/11\/04\/ciolacu-anunta-o-investigatie-a-ministerului-digitalizarii-legata-de-fermele-de-boti-s-ar-putea-ca-mai-multi-candidati-sa-fi-folosit-o-astfel-de-tehnica\/","title":{"rendered":"Ciolacu anun\u021b\u0103 o investiga\u021bie a Ministerului Digitaliz\u0103rii legat\u0103 de fermele de bo\u0163i: S-ar putea ca mai mul\u0163i candida\u0163i s\u0103 fi folosit o astfel de tehnic\u0103"},"content":{"rendered":"<p>Premierul a fost \u00eentrebat la Paris despre ancheta privind ferma de bo\u0163i, potrivit news.ro.<\/p>\n<p>\u201eS-ar putea ca mai mul\u0163i candida\u0163i s\u0103 fi folosit, prin consultan\u0163i, o asfel de tehnic\u0103. \u00cen perioada urm\u0103toare, ministrul Digitaliz\u0103rii str\u00e2nge toate informa\u0163iile \u015fi le va prezenta public. \u00cenc\u0103 a\u015fteapt\u0103 de la fiecare platform\u0103, social-media, toate analizele. Nu le putem face noi, statul rom\u00e2n, direct\u201e a spus premierul.<\/p>\n<p>\u015eeful Executivului a precizat c\u0103 a fost o abordare foarte corect\u0103, mai ales \u00een contextul a ceea ce s-a \u00eent\u00e2mplat \u00een Republica Moldova \u015fi extensia Republicii Moldova \u015fi asupra diasporei, cet\u0103\u0163eni moldoveni din Europa.<\/p>\n<p>\u00a0<\/p>\n<p>\u201eEu cred c\u0103 a fost o abordare c\u00e2t se poate de corect\u0103. Cumva am prevenit, de la un caz mai special, toat\u0103 aceast\u0103 desf\u0103\u015furare \u015fi tot acest atac\u201e, a mai ar\u0103tat el.<\/p>\n<p>Premierul Marcel Ciolacu a declarat recent c\u0103 \u00eentr-o cl\u0103dire reziden\u0163ial\u0103 exist\u0103 o ferm\u0103 de troli care l-ar ajuta pe Mircea Geoan\u0103 \u00een campanie \u015fi c\u0103 institu\u0163iile statului trebuie s\u0103 spun\u0103 dac\u0103 activitatea este legal\u0103.<\/p>\n<p>\u015eeful AEP, Toni Grebl\u0103 spune c\u0103 a luat leg\u0103tura deja cu alte institu\u0163ii implicate \u00een combaterea unor asemenea practici, precum MAI, Autoritatea pentru Digitalizare \u015fi SRI. Ministrul Cercet\u0103rii, Inov\u0103rii \u015fi Digitaliz\u0103rii, Bogdan Ivan, a declarat c\u0103 s-au primit ni\u015fte solicit\u0103ri, din partea unor persoane fizice, care au fost transmise mai departe platformelor Meta \u015fi TikTok, pentru a stabili dac\u0103 exist\u0103 astfel de conturi false care s\u0103 promoveze anumi\u0163i candida\u0163i.<\/p>\n<p>\u00a0<\/p>","protected":false},"excerpt":{"rendered":"<p>Premierul a fost \u00eentrebat la Paris despre ancheta privind ferma de bo\u0163i, potrivit news.ro. \u201eS-ar&hellip;<\/p>\n","protected":false},"author":0,"featured_media":4464,"comment_status":"open","ping_status":"open","sticky":false,"template":"","format":"standard","meta":{"footnotes":""},"categories":[2],"tags":[],"class_list":["post-4471","post","type-post","status-publish","format-standard","has-post-thumbnail","hentry","category-actual"],"_links":{"self":[{"href":"https:\/\/247stiri.ro\/index.php\/wp-json\/wp\/v2\/posts\/4471","targetHints":{"allow":["GET"]}}],"collection":[{"href":"https:\/\/247stiri.ro\/index.php\/wp-json\/wp\/v2\/posts"}],"about":[{"href":"https:\/\/247stiri.ro\/index.php\/wp-json\/wp\/v2\/types\/post"}],"replies":[{"embeddable":true,"href":"https:\/\/247stiri.ro\/index.php\/wp-json\/wp\/v2\/comments?post=4471"}],"version-history":[{"count":0,"href":"https:\/\/247stiri.ro\/index.php\/wp-json\/wp\/v2\/posts\/4471\/revisions"}],"wp:featuredmedia":[{"embeddable":true,"href":"https:\/\/247stiri.ro\/index.php\/wp-json\/wp\/v2\/media\/4464"}],"wp:attachment":[{"href":"https:\/\/247stiri.ro\/index.php\/wp-json\/wp\/v2\/media?parent=4471"}],"wp:term":[{"taxonomy":"category","embeddable":true,"href":"https:\/\/247stiri.ro\/index.php\/wp-json\/wp\/v2\/categories?post=4471"},{"taxonomy":"post_tag","embeddable":true,"href":"https:\/\/247stiri.ro\/index.php\/wp-json\/wp\/v2\/tags?post=4471"}],"curies":[{"name":"wp","href":"https:\/\/api.w.org\/{rel}","templated":true}]}}