{"id":44724,"date":"2025-04-03T09:45:26","date_gmt":"2025-04-03T09:45:26","guid":{"rendered":"https:\/\/247stiri.ro\/index.php\/2025\/04\/03\/ciolacu-trimite-doi-emisari-in-sua-pentru-a-discuta-cu-reprezentanti-ai-administratiei-trump-in-principal-despre-vize\/"},"modified":"2025-04-03T09:45:26","modified_gmt":"2025-04-03T09:45:26","slug":"ciolacu-trimite-doi-emisari-in-sua-pentru-a-discuta-cu-reprezentanti-ai-administratiei-trump-in-principal-despre-vize","status":"publish","type":"post","link":"https:\/\/247stiri.ro\/index.php\/2025\/04\/03\/ciolacu-trimite-doi-emisari-in-sua-pentru-a-discuta-cu-reprezentanti-ai-administratiei-trump-in-principal-despre-vize\/","title":{"rendered":"Ciolacu trimite doi emisari \u00een SUA, pentru a discuta cu reprezentan\u021bi ai Administra\u021biei Trump, \u00een principal despre vize"},"content":{"rendered":"<p>\u0218eful Executivului a precizat \u00eenainte de \u0219edin\u021ba de guvern c\u0103 unul dintre cei doi emisari a plecat din \u021bar\u0103 \u0219i, de miercuri, se afl\u0103 \u00een SUA, iar cel de-al doilea este un rom\u00e2n stabilit \u00een America.<\/p>\n\n<p>El a men\u021bionat c\u0103 pre\u0219edintele interimar Ilie Bolojan este la curent cu aceast\u0103 situa\u021bie.Privitor la temele de discu\u021bie, premierul a declarat doar c\u0103 se vor purta discu\u021bii \u201d\u00een principal pe Programul Visa Waiver\u201d.\u00cen context, premierul a subliniat c\u0103 actuala Administra\u021bie Trump are pe l\u00e2ng\u0103 ambasadori acredita\u021bi \u0219i trimi\u0219i speciali.\u201dA\u0219a lucreaz\u0103 ei. Eu, prim-ministru, am o persoan\u0103 pe care am trimis-o \u00een SUA. Are \u00eent\u00e2lniri la Mar-a-Lago. Schimb\u0103m sistemul de abordare, \u00eencerc\u0103m cu to\u021bii s\u0103 ie\u0219im din bula care a func\u021bionat p\u00e2n\u0103 acum. Administra\u021bia Trump func\u021bioneaz\u0103 altfel\u201d, a mai precizat Ciolacu.<\/p>\n<p><a title=\"Ciolacu, mesaj ferm catre liderii administratiilor locale: Nu mai trebuie repetate greselile trecutului\" href=\"https:\/\/www.realitatea.net\/stiri\/politica\/ciolacu-mesaj-ferm-catre-liderii-administratiilor-locale-nu-mai-trebuie-repetate-greselile-trecutului_67e65cbe9f8da96b6721b9b2\">Ciolacu, mesaj ferm c\u0103tre liderii administra\u021biilor locale: Nu mai trebuie repetate gre\u015felile trecutului<\/a><\/p>","protected":false},"excerpt":{"rendered":"<p>\u0218eful Executivului a precizat \u00eenainte de \u0219edin\u021ba de guvern c\u0103 unul dintre cei doi emisari&hellip;<\/p>\n","protected":false},"author":0,"featured_media":44716,"comment_status":"open","ping_status":"open","sticky":false,"template":"","format":"standard","meta":{"footnotes":""},"categories":[2],"tags":[],"class_list":["post-44724","post","type-post","status-publish","format-standard","has-post-thumbnail","hentry","category-actual"],"_links":{"self":[{"href":"https:\/\/247stiri.ro\/index.php\/wp-json\/wp\/v2\/posts\/44724","targetHints":{"allow":["GET"]}}],"collection":[{"href":"https:\/\/247stiri.ro\/index.php\/wp-json\/wp\/v2\/posts"}],"about":[{"href":"https:\/\/247stiri.ro\/index.php\/wp-json\/wp\/v2\/types\/post"}],"replies":[{"embeddable":true,"href":"https:\/\/247stiri.ro\/index.php\/wp-json\/wp\/v2\/comments?post=44724"}],"version-history":[{"count":0,"href":"https:\/\/247stiri.ro\/index.php\/wp-json\/wp\/v2\/posts\/44724\/revisions"}],"wp:featuredmedia":[{"embeddable":true,"href":"https:\/\/247stiri.ro\/index.php\/wp-json\/wp\/v2\/media\/44716"}],"wp:attachment":[{"href":"https:\/\/247stiri.ro\/index.php\/wp-json\/wp\/v2\/media?parent=44724"}],"wp:term":[{"taxonomy":"category","embeddable":true,"href":"https:\/\/247stiri.ro\/index.php\/wp-json\/wp\/v2\/categories?post=44724"},{"taxonomy":"post_tag","embeddable":true,"href":"https:\/\/247stiri.ro\/index.php\/wp-json\/wp\/v2\/tags?post=44724"}],"curies":[{"name":"wp","href":"https:\/\/api.w.org\/{rel}","templated":true}]}}