{"id":44727,"date":"2025-04-03T09:45:27","date_gmt":"2025-04-03T09:45:27","guid":{"rendered":"https:\/\/247stiri.ro\/index.php\/2025\/04\/03\/ungaria-se-retrage-din-curtea-penala-internationala-decizia-are-legatura-cu-vizita-premierului-israelian-benjamin-netanyahu-la-budapesta\/"},"modified":"2025-04-03T09:45:27","modified_gmt":"2025-04-03T09:45:27","slug":"ungaria-se-retrage-din-curtea-penala-internationala-decizia-are-legatura-cu-vizita-premierului-israelian-benjamin-netanyahu-la-budapesta","status":"publish","type":"post","link":"https:\/\/247stiri.ro\/index.php\/2025\/04\/03\/ungaria-se-retrage-din-curtea-penala-internationala-decizia-are-legatura-cu-vizita-premierului-israelian-benjamin-netanyahu-la-budapesta\/","title":{"rendered":"Ungaria se retrage din Curtea Penal\u0103 Interna\u021bional\u0103. Decizia are leg\u0103tur\u0103 cu vizita premierului israelian Benjamin Netanyahu la Budapesta"},"content":{"rendered":"<p>\u00centr-un comunicat remis Agen\u0163iei de Pres\u0103 MTI, Gergely Guly\u00e1s a afirmat c\u0103 Guvernul va demara joi procedura de reziliere, \u00een conformitate cu cadrele constitu\u021bionale \u0219i juridice interna\u021bionale.<\/p>\n<p>Vestea sose\u0219te \u00een momentul \u00een care prim-ministrul israelian Benjamin Netanyahu, asupra c\u0103ruia se afl\u0103 \u00een curs un mandat de arestare al CPI \u00een leg\u0103tur\u0103 cu r\u0103zboiul din Gaza, a ajuns la\u00a0Budapesta, scrie <a href=\"https:\/\/www.euractiv.ro\/eu-elections-2019\/radio-europa-libera-anunta-ca-ungaria-va-parasi-curtea-penala-internationala.-ue-regret-profund-72381\" target=\"_blank\">Euractiv.<\/a><\/p>\n<p>&#8222;Ungaria a renun\u021bat la calitatea de membru al Cur\u021bii Penale Interna\u021bionale \u00een ziua \u00een care premierul israelian Benjamin Netanyahu, c\u0103utat de CPI pentru crime de r\u0103zboi \u0219i crime \u00eempotriva umanit\u0103\u021bii, sose\u0219te la Budapesta pentru o vizit\u0103 de mai multe zile\u201d, a scris jurnalistul maghiar <a href=\"https:\/\/x.com\/panyiszabolcs\/status\/1907159870530355303?s=48&amp;t=m-Vtj_7fxj3FfSgOXbLhuA\" target=\"_blank\">Szabolcs Pany.<\/a><\/p>\n<p>\u00a0<\/p>\n<p>Odat\u0103 retras\u0103 din CPI, Ungaria nu mai este obligat\u0103 s\u0103-l aresteze pe Netanyahu \u0219i s\u0103-l transfere direct la Haga, noteaz\u0103 <a href=\"https:\/\/www.dw.com\/en\/netanyahu-visits-hungary-defying-icc-arrest-warrant\/a-72106304\" target=\"_blank\">DW.<\/a><\/p>","protected":false},"excerpt":{"rendered":"<p>\u00centr-un comunicat remis Agen\u0163iei de Pres\u0103 MTI, Gergely Guly\u00e1s a afirmat c\u0103 Guvernul va demara&hellip;<\/p>\n","protected":false},"author":0,"featured_media":44714,"comment_status":"open","ping_status":"open","sticky":false,"template":"","format":"standard","meta":{"footnotes":""},"categories":[2],"tags":[],"class_list":["post-44727","post","type-post","status-publish","format-standard","has-post-thumbnail","hentry","category-actual"],"_links":{"self":[{"href":"https:\/\/247stiri.ro\/index.php\/wp-json\/wp\/v2\/posts\/44727","targetHints":{"allow":["GET"]}}],"collection":[{"href":"https:\/\/247stiri.ro\/index.php\/wp-json\/wp\/v2\/posts"}],"about":[{"href":"https:\/\/247stiri.ro\/index.php\/wp-json\/wp\/v2\/types\/post"}],"replies":[{"embeddable":true,"href":"https:\/\/247stiri.ro\/index.php\/wp-json\/wp\/v2\/comments?post=44727"}],"version-history":[{"count":0,"href":"https:\/\/247stiri.ro\/index.php\/wp-json\/wp\/v2\/posts\/44727\/revisions"}],"wp:featuredmedia":[{"embeddable":true,"href":"https:\/\/247stiri.ro\/index.php\/wp-json\/wp\/v2\/media\/44714"}],"wp:attachment":[{"href":"https:\/\/247stiri.ro\/index.php\/wp-json\/wp\/v2\/media?parent=44727"}],"wp:term":[{"taxonomy":"category","embeddable":true,"href":"https:\/\/247stiri.ro\/index.php\/wp-json\/wp\/v2\/categories?post=44727"},{"taxonomy":"post_tag","embeddable":true,"href":"https:\/\/247stiri.ro\/index.php\/wp-json\/wp\/v2\/tags?post=44727"}],"curies":[{"name":"wp","href":"https:\/\/api.w.org\/{rel}","templated":true}]}}