{"id":44749,"date":"2025-04-03T11:45:14","date_gmt":"2025-04-03T11:45:14","guid":{"rendered":"https:\/\/247stiri.ro\/index.php\/2025\/04\/03\/planul-europei-de-a-renunta-la-armele-americane-il-pune-pe-jar-pe-trump-ministrul-de-externe-trimis-pentru-a-revitaliza-vanzarile\/"},"modified":"2025-04-03T11:45:14","modified_gmt":"2025-04-03T11:45:14","slug":"planul-europei-de-a-renunta-la-armele-americane-il-pune-pe-jar-pe-trump-ministrul-de-externe-trimis-pentru-a-revitaliza-vanzarile","status":"publish","type":"post","link":"https:\/\/247stiri.ro\/index.php\/2025\/04\/03\/planul-europei-de-a-renunta-la-armele-americane-il-pune-pe-jar-pe-trump-ministrul-de-externe-trimis-pentru-a-revitaliza-vanzarile\/","title":{"rendered":"Planul Europei de a renun\u021ba la armele americane \u00eel pune pe jar pe Trump. Ministrul de Externe, trimis pentru a revitaliza v\u00e2nz\u0103rile"},"content":{"rendered":"<p>Administra\u021bia Trump a solicitat statelor membre NATO din Europa s\u0103 \u00ee\u0219i majoreze semnificativ cheltuielile pentru ap\u0103rare, av\u00e2nd \u00een vedere c\u0103 SUA \u00ee\u0219i \u00eendreapt\u0103 din ce \u00een ce mai mult aten\u021bia c\u0103tre zona Indo-Pacificului, ceea ce duce la o neglijare indirect\u0103 a intereselor europene. Oficialii europeni, at\u00e2t \u00een discu\u021bii publice, c\u00e2t \u0219i \u00een cele private, recunosc c\u0103 Europa trebuie s\u0103 \u00ee\u0219i asigure o ap\u0103rare mai robust\u0103, av\u00e2nd din ce \u00een ce mai multe rezerve cu privire la c\u00e2t de fiabile sunt SUA, care, \u00een trecut, au furnizat majoritatea capacit\u0103\u021bilor militare costisitoare ale continentului.<\/p>\n<p>Ini\u021biativele europene de cre\u0219tere a cheltuielilor pentru ap\u0103rare, \u00een conformitate cu cerin\u021bele Statelor Unite, au avut ca scop sprijinirea industriei europene, preg\u0103tind astfel terenul pentru un complex militar-industrial european mai puternic. Totu\u0219i, r\u0103m\u00e2ne incert c\u00e2t de mult se va distan\u021ba Europa de industria de ap\u0103rare american\u0103 \u0219i impactul pe care atitudinea administra\u021biei Trump \u00eel va avea asupra gigantilor ap\u0103r\u0103rii din SUA.<\/p>\n<p>Oficialii americani i-au informat deja pe alia\u021bii europeni c\u0103 doresc ca \u021b\u0103rile europene s\u0103 continue s\u0103 achizi\u021bioneze armament american, scrie Reuters, cit\u00e2nd 5 surse anonime.<\/p>\n<p>Un oficial din Departamentul de Stat al SUA a declarat pentru agen\u021bia de \u0219tiri c\u0103 Rubio va discuta \u0219i pozi\u021bia american\u0103 privind comenzile de arme europene de la companii americane \u00een cadrul vizitei sale la Bruxelles. \u201eEste un subiect pe care secretarul l-a ridicat \u0219i pe care \u00eel va ridica \u00een continuare\u201d, a spus oficialul sub anonimat.<\/p>\n<p>\u201dSunt sup\u0103ra\u021bi din cauza planului ReArm \u0219i a faptului c\u0103 SUA sunt excluse\u201d, a declarat o surs\u0103 european\u0103 de rang \u00eenalt pentru Reuters.<\/p>\n<p>Luna trecut\u0103, Comisia European\u0103 a prezentat planul ReArm Europe, destinat s\u0103 faciliteze investirea \u00een ap\u0103rare de c\u0103tre statele membre ale UE. Conform Comisiei, aceast\u0103 propunere complex\u0103 va genera peste 860 de miliarde de dolari pentru investi\u021bii militare \u0219i va permite statelor s\u0103 acceseze aproximativ 160 de miliarde de dolari \u00een \u00eemprumuturi sus\u021binute de UE, av\u00e2nd ca scop \u00a0\u201ecre\u0219terea capacit\u0103\u021bilor lor de ap\u0103rare prin achizi\u021bii comune\u201d.<\/p>\n<p><a title=\"Efectele apocalipsei taxelor lui Trump: Bursele internationale scad. Pretul aurului atinge un nou record\" href=\"https:\/\/www.realitatea.net\/stiri\/actual\/efectele-apocalipsei-taxelor-lui-trump-bursele-internationale-scad-pretul-aurului-atinge-un-nou-record_67ee405fdd1224519a25f062\">Efectele apocalipsei taxelor lui Trump: Bursele interna\u021bionale scad. Pre\u021bul aurului atinge un nou record<\/a><\/p>\n<p>UE a spus c\u0103 major\u0103rile \u00een cheltuielile de ap\u0103rare vor prioritiza produc\u021bia european\u0103, gener\u00e2nd \u201ebeneficii economice\u201d pentru statele membre. Conform planului, \u021b\u0103rile europene vor g\u0103zdui \u201efabrica\u021bi \u0219i linii de produc\u021bie noi, esen\u021biale pentru crearea de locuri de munc\u0103 \u00een Europa\u201d. Eforturile de \u00eenarmare se vor concentra pe rachete de ap\u0103rare antiaerian\u0103, muni\u021bie de artilerie \u0219i sistemele pentru lansarea acestora, precum \u0219i pe drone \u0219i r\u0103zboiul \u00eempotriva dronelor, a declarat \u0219efa Comisiei Europene, Ursula von der Leyen.<\/p>\n<p>Un oficial european a declarat pentru Newsweek c\u0103 exist\u0103 o oarecare reticen\u021b\u0103 de a renun\u021ba complet la achizi\u021bionarea de arme americane, dar exist\u0103 o dorin\u021b\u0103 clar\u0103 de a cump\u0103ra alternative europene ori de c\u00e2te ori este posibil, trat\u00e2nd achizi\u021biile \u201ecaz cu caz\u201d.<\/p>\n<p>Acesta a subliniat proiecte europene, precum dezvoltarea sistemului de ap\u0103rare aerian\u0103 IRIS-T, care a avut performan\u021be \u201efoarte conving\u0103toare\u201d \u00een Ucraina. Aceasta ar putea fi o alternativ\u0103 viabil\u0103 la cerutul \u0219i c\u0103utatul sistem Patriot de ap\u0103rare antiaerian\u0103 din SUA, a sugerat oficialul.<\/p>\n<p>Pre\u0219edintele Fran\u021bei, Emmanuel Macron, a f\u0103cut apel pentru ca statele europene s\u0103 opteze pentru achizi\u021bii continentale. \u201eInten\u021bia mea este s\u0103 conving statele europene care s-au obi\u0219nuit s\u0103 cumpere american s\u0103 aleag\u0103 solu\u021biile europene\u201d, a declarat Macron pentru presa francez\u0103 \u00een martie.<\/p>\n<p><a title=\"Reactia premierului Ciolacu in fata apocalipsei taxelor starnita de Trump. Cum vor fi protejate companiile romanesti\" href=\"https:\/\/www.realitatea.net\/stiri\/actual\/reactia-premierului-ciolacu-in-fata-apocalipsei-taxelor-starnita-de-trump-cum-vor-fi-protejate-companiile-romanesti_67ee5c238bd22545064bb0e2\">Reac\u021bia premierului Ciolacu \u00een fa\u021ba apocalipsei taxelor st\u00e2rnit\u0103 de Trump. Cum vor fi protejate companiile rom\u00e2ne\u0219ti<\/a><\/p>\n<p>\u00a0<\/p>","protected":false},"excerpt":{"rendered":"<p>Administra\u021bia Trump a solicitat statelor membre NATO din Europa s\u0103 \u00ee\u0219i majoreze semnificativ cheltuielile pentru&hellip;<\/p>\n","protected":false},"author":0,"featured_media":44744,"comment_status":"open","ping_status":"open","sticky":false,"template":"","format":"standard","meta":{"footnotes":""},"categories":[2],"tags":[],"class_list":["post-44749","post","type-post","status-publish","format-standard","has-post-thumbnail","hentry","category-actual"],"_links":{"self":[{"href":"https:\/\/247stiri.ro\/index.php\/wp-json\/wp\/v2\/posts\/44749","targetHints":{"allow":["GET"]}}],"collection":[{"href":"https:\/\/247stiri.ro\/index.php\/wp-json\/wp\/v2\/posts"}],"about":[{"href":"https:\/\/247stiri.ro\/index.php\/wp-json\/wp\/v2\/types\/post"}],"replies":[{"embeddable":true,"href":"https:\/\/247stiri.ro\/index.php\/wp-json\/wp\/v2\/comments?post=44749"}],"version-history":[{"count":0,"href":"https:\/\/247stiri.ro\/index.php\/wp-json\/wp\/v2\/posts\/44749\/revisions"}],"wp:featuredmedia":[{"embeddable":true,"href":"https:\/\/247stiri.ro\/index.php\/wp-json\/wp\/v2\/media\/44744"}],"wp:attachment":[{"href":"https:\/\/247stiri.ro\/index.php\/wp-json\/wp\/v2\/media?parent=44749"}],"wp:term":[{"taxonomy":"category","embeddable":true,"href":"https:\/\/247stiri.ro\/index.php\/wp-json\/wp\/v2\/categories?post=44749"},{"taxonomy":"post_tag","embeddable":true,"href":"https:\/\/247stiri.ro\/index.php\/wp-json\/wp\/v2\/tags?post=44749"}],"curies":[{"name":"wp","href":"https:\/\/api.w.org\/{rel}","templated":true}]}}