{"id":44766,"date":"2025-04-03T12:45:03","date_gmt":"2025-04-03T12:45:03","guid":{"rendered":"https:\/\/247stiri.ro\/index.php\/2025\/04\/03\/siguranta-pietonilor-pusa-in-pericol-bucati-de-tencuiala-s-au-prabusit-de-pe-o-cladire-din-centrul-capitalei\/"},"modified":"2025-04-03T12:45:03","modified_gmt":"2025-04-03T12:45:03","slug":"siguranta-pietonilor-pusa-in-pericol-bucati-de-tencuiala-s-au-prabusit-de-pe-o-cladire-din-centrul-capitalei","status":"publish","type":"post","link":"https:\/\/247stiri.ro\/index.php\/2025\/04\/03\/siguranta-pietonilor-pusa-in-pericol-bucati-de-tencuiala-s-au-prabusit-de-pe-o-cladire-din-centrul-capitalei\/","title":{"rendered":"Siguran\u021ba pietonilor pus\u0103 \u00een pericol: buc\u0103\u021bi de tencuial\u0103 s-au pr\u0103bu\u0219it de pe o cl\u0103dire din centrul Capitalei"},"content":{"rendered":"<p>Cum s-a produs incidentul<\/p>\n<p>Din fericire, nimeni nu a fost r\u0103nit, \u00eens\u0103 evenimentul ar fi putut avea consecin\u021be tragice. Zona r\u0103m\u00e2ne izolat\u0103 pentru siguran\u021ba pietonilor, ace\u0219tia fiind nevoi\u021bi s\u0103 ocoleasc\u0103 perimetrul afectat, arat\u0103 \u0219tirileprotv.ro.<\/p>\n<p><a href=\"https:\/\/www.realitatea.net\/stiri\/actual\/tavan-prabusit-intrun-salon-al-spitalului-judetean-focsani-pacientii-evacuati-de-urgenta-foto_67b71855f1a7260561006ab3\" target=\"_blank\">Incidentul s-a produs<\/a> \u00eentr-o zon\u0103 aglomerat\u0103, unde se afl\u0103 at\u00e2t Academia de Studii Economice, c\u00e2t \u0219i un colegiu, ceea ce ridic\u0103 semne de \u00eentrebare cu privire la starea cl\u0103dirilor din acest perimetru intens circulat.\u00a0<\/p>\n<p>Autorit\u0103\u021bile urmeaz\u0103 s\u0103 stabileasc\u0103 <a href=\"https:\/\/www.realitatea.net\/stiri\/actual\/inca-o-bucata-din-tavanul-maternitatii-odobescu-din-timisoara-sa-prabusit-primaria-a-promis-dar-na-venit-cu-nicio-solutie_67a0ae220ab42338191d8972\" target=\"_blank\">cauzele pr\u0103bu\u0219irii \u0219i m\u0103surile necesare<\/a> pentru prevenirea unor astfel de situa\u021bii \u00een viitor.<\/p>","protected":false},"excerpt":{"rendered":"<p>Cum s-a produs incidentul Din fericire, nimeni nu a fost r\u0103nit, \u00eens\u0103 evenimentul ar fi&hellip;<\/p>\n","protected":false},"author":0,"featured_media":44767,"comment_status":"open","ping_status":"open","sticky":false,"template":"","format":"standard","meta":{"footnotes":""},"categories":[2],"tags":[],"class_list":["post-44766","post","type-post","status-publish","format-standard","has-post-thumbnail","hentry","category-actual"],"_links":{"self":[{"href":"https:\/\/247stiri.ro\/index.php\/wp-json\/wp\/v2\/posts\/44766","targetHints":{"allow":["GET"]}}],"collection":[{"href":"https:\/\/247stiri.ro\/index.php\/wp-json\/wp\/v2\/posts"}],"about":[{"href":"https:\/\/247stiri.ro\/index.php\/wp-json\/wp\/v2\/types\/post"}],"replies":[{"embeddable":true,"href":"https:\/\/247stiri.ro\/index.php\/wp-json\/wp\/v2\/comments?post=44766"}],"version-history":[{"count":0,"href":"https:\/\/247stiri.ro\/index.php\/wp-json\/wp\/v2\/posts\/44766\/revisions"}],"wp:featuredmedia":[{"embeddable":true,"href":"https:\/\/247stiri.ro\/index.php\/wp-json\/wp\/v2\/media\/44767"}],"wp:attachment":[{"href":"https:\/\/247stiri.ro\/index.php\/wp-json\/wp\/v2\/media?parent=44766"}],"wp:term":[{"taxonomy":"category","embeddable":true,"href":"https:\/\/247stiri.ro\/index.php\/wp-json\/wp\/v2\/categories?post=44766"},{"taxonomy":"post_tag","embeddable":true,"href":"https:\/\/247stiri.ro\/index.php\/wp-json\/wp\/v2\/tags?post=44766"}],"curies":[{"name":"wp","href":"https:\/\/api.w.org\/{rel}","templated":true}]}}