{"id":44777,"date":"2025-04-03T13:44:54","date_gmt":"2025-04-03T13:44:54","guid":{"rendered":"https:\/\/247stiri.ro\/index.php\/2025\/04\/03\/tigari-doar-cu-buletinul-nou-regula-impusa-de-anpc-pentru-a-limita-accesul-minorilor-la-produsele-din-tutun\/"},"modified":"2025-04-03T13:44:54","modified_gmt":"2025-04-03T13:44:54","slug":"tigari-doar-cu-buletinul-nou-regula-impusa-de-anpc-pentru-a-limita-accesul-minorilor-la-produsele-din-tutun","status":"publish","type":"post","link":"https:\/\/247stiri.ro\/index.php\/2025\/04\/03\/tigari-doar-cu-buletinul-nou-regula-impusa-de-anpc-pentru-a-limita-accesul-minorilor-la-produsele-din-tutun\/","title":{"rendered":"\u021aig\u0103ri DOAR cu buletinul! Nou regul\u0103 impus\u0103 de ANPC pentru a limita accesul minorilor la produsele din tutun"},"content":{"rendered":"<p>Autoritatea Na\u0163ional\u0103 pentru Protec\u0163ia Consumatorilor a transmis, joi, spre publicarea \u00een Monitorul Oficial al Rom\u00e2niei, partea I, Ordinul privind informarea consumatorilor la comercializarea produselor care con\u0163in tutun sau substan\u0163e asociate.\u00a0\u201dAcesta asigur\u0103 o mai bun\u0103 informare a consumatorilor din Rom\u00e2nia cu privire la drepturile pe care le au la momentul achizi\u0163ion\u0103rii din interiorul magazinelor, dar \u015fi al chio\u015fcurilor a produselor care con\u0163in tutun, a \u0163igaretelor electronice, a flacoanelor de reumplere pentru \u0163igaretele electronice, a dispozitivelor electronice pentru \u00eenc\u0103lzirea tutunului \u015fi a produselor destinate inhal\u0103rii f\u0103r\u0103 ardere din \u00eenlocuitori de tutun, a (pouch-urilor) plicule\u0163elor cu nicotin\u0103 pentru uz oral \u015fi a produselor destinate inhal\u0103rii f\u0103r\u0103 ardere din \u00eenlocuitori de tutun, a\u015fa cum sunt acestea definite \u00een cuprinsul Legii nr. 349\/2002\u201d, au transmis reprezentan\u0163ii ANPC.\u00a0\u00a0<\/p>\n<p>Ei au ad\u0103ugat c\u0103, potrivit Legii nr. 349\/2002 privind prevenirea \u015fi combaterea efectelor consumului produselor din tutun, este strict interzis\u0103 v\u00e2nzarea produselor din tutun persoanelor sub 18 ani, iar aceast\u0103 reglementare urm\u0103re\u015fte protejarea s\u0103n\u0103t\u0103\u0163ii publice \u015fi, \u00een special, a tinerilor, care sunt vulnerabili la efectele negative ale consumului de tutun.\u00a0\u201dStudiile arat\u0103 c\u0103 expunerea timpurie la produsele din tutun cre\u015fte riscul de dependen\u0163\u0103 \u015fi afec\u0163iuni grave pe termen lung, cum ar fi bolile cardiovasculare, cancerul pulmonar \u015fi alte afec\u0163iuni respiratorii. Comer\u0163ul trebuie s\u0103 asigure respectarea cadrului legal \u015fi s\u0103 contribuie activ la prevenirea accesului tinerilor la produse nocive, asum\u00e2nd un rol important \u00een protec\u0163ia genera\u0163iilor viitoare. \u00cen conformitate cu legisla\u0163ia \u00een vigoare, magazinele pot fi sanc\u0163ionate pentru v\u00e2nzarea de produse din tutun minorilor. Obligativitatea afi\u015f\u0103rii unui mesaj vizibil reprezint\u0103 o m\u0103sur\u0103 de conformare \u015fi responsabilitate legal\u0103, conform ordinului ce face obiectul public\u0103rii\u201d, a precizat sursa citat\u0103.\u00a0Comisarii ANPC au ad\u0103ugat c\u0103 operatorii economici au obliga\u0163ia s\u0103 afi\u015feze placheta informativ\u0103 prev\u0103zut\u0103 \u00een anexa ordinului.\u00a0Placheta poate fi desc\u0103rcat\u0103, \u00een mod gratuit, de pe site-ul Autorit\u0103\u0163ii Na\u0163ionale pentru Protec\u0163ia Consumatorilor \u015fi se afi\u015feaz\u0103 \u00een c\u00e2mpul vizual al consumatorului, la loc vizibil.\u00a0De asemena, ordinul prevede obliga\u0163ia operatorilor economici de a de\u0163ine \u00een mod obligatoriu \u015fi variante dedicate persoanelor nev\u0103z\u0103toare sau cu deficien\u0163e de vedere, fie audio, fie prin utilizarea oric\u0103ror mijloace fizice ori digitale specifice.\u00a0\u201dVizibilitatea mesajului poate reduce num\u0103rul de tentative de cump\u0103rare a produselor din tutun de c\u0103tre minori, contribuind la un mediu comercial mai responsabil. Afi\u015farea mesajului de interdic\u0163ie privind v\u00e2nzarea produselor din tutun minorilor este o m\u0103sur\u0103 esen\u0163ial\u0103 pentru respectarea legii, protejarea s\u0103n\u0103t\u0103\u0163ii publice \u015fi responsabilizarea magazinului\u201d, au mai transmis comisarii ANPC.\u00a0\u00a0Ordinul intr\u0103 \u00een vigoare \u00een termen de 30 de zile de la data public\u0103rii \u00een Monitorul Oficial.<\/p>\n<p>\u00a0<\/p>","protected":false},"excerpt":{"rendered":"<p>Autoritatea Na\u0163ional\u0103 pentru Protec\u0163ia Consumatorilor a transmis, joi, spre publicarea \u00een Monitorul Oficial al Rom\u00e2niei,&hellip;<\/p>\n","protected":false},"author":0,"featured_media":44778,"comment_status":"open","ping_status":"open","sticky":false,"template":"","format":"standard","meta":{"footnotes":""},"categories":[2],"tags":[],"class_list":["post-44777","post","type-post","status-publish","format-standard","has-post-thumbnail","hentry","category-actual"],"_links":{"self":[{"href":"https:\/\/247stiri.ro\/index.php\/wp-json\/wp\/v2\/posts\/44777","targetHints":{"allow":["GET"]}}],"collection":[{"href":"https:\/\/247stiri.ro\/index.php\/wp-json\/wp\/v2\/posts"}],"about":[{"href":"https:\/\/247stiri.ro\/index.php\/wp-json\/wp\/v2\/types\/post"}],"replies":[{"embeddable":true,"href":"https:\/\/247stiri.ro\/index.php\/wp-json\/wp\/v2\/comments?post=44777"}],"version-history":[{"count":0,"href":"https:\/\/247stiri.ro\/index.php\/wp-json\/wp\/v2\/posts\/44777\/revisions"}],"wp:featuredmedia":[{"embeddable":true,"href":"https:\/\/247stiri.ro\/index.php\/wp-json\/wp\/v2\/media\/44778"}],"wp:attachment":[{"href":"https:\/\/247stiri.ro\/index.php\/wp-json\/wp\/v2\/media?parent=44777"}],"wp:term":[{"taxonomy":"category","embeddable":true,"href":"https:\/\/247stiri.ro\/index.php\/wp-json\/wp\/v2\/categories?post=44777"},{"taxonomy":"post_tag","embeddable":true,"href":"https:\/\/247stiri.ro\/index.php\/wp-json\/wp\/v2\/tags?post=44777"}],"curies":[{"name":"wp","href":"https:\/\/api.w.org\/{rel}","templated":true}]}}