{"id":44781,"date":"2025-04-03T13:44:56","date_gmt":"2025-04-03T13:44:56","guid":{"rendered":"https:\/\/247stiri.ro\/index.php\/2025\/04\/03\/preturi-record-pe-piata-imobiliara-apartament-de-14-mp-scos-la-vanzare-pentru-95-000-de-euro\/"},"modified":"2025-04-03T13:44:56","modified_gmt":"2025-04-03T13:44:56","slug":"preturi-record-pe-piata-imobiliara-apartament-de-14-mp-scos-la-vanzare-pentru-95-000-de-euro","status":"publish","type":"post","link":"https:\/\/247stiri.ro\/index.php\/2025\/04\/03\/preturi-record-pe-piata-imobiliara-apartament-de-14-mp-scos-la-vanzare-pentru-95-000-de-euro\/","title":{"rendered":"Pre\u021buri record pe pia\u021ba imobiliar\u0103: apartament de 14 mp, scos la v\u00e2nzare pentru 95.000 de euro"},"content":{"rendered":"<p>Locuin\u021b\u0103 f\u0103r\u0103 baie \u0219i cu tavan prea jos<\/p>\n<p>O utilizatoare de pe re\u021belele sociale a filmat interiorul acestui apartament situat \u00een cartierul Malasa\u00f1a, ar\u0103t\u00e2nd c\u00e2t de mic \u0219i nepractic este. Clipul a devenit rapid viral, acumul\u00e2nd peste 438.000 de vizualiz\u0103ri \u0219i numeroase comentarii ironice.<\/p>\n<p>Femeia care a realizat videoclipul a subliniat c\u0103 locuin\u021ba nu are lift, iar spa\u021biul este at\u00e2t de mic \u00eenc\u00e2t abia \u00eencap un pat, o chiuvet\u0103 \u0219i un du\u0219. Mai mult, tavanul este foarte jos, iar ferestrele sunt minuscule, una dintre ele av\u00e2nd vedere spre interiorul cl\u0103dirii.<\/p>\n<p>Un alt detaliu care a st\u00e2rnit amuzament printre utilizatori este faptul c\u0103 toaleta se afl\u0103 \u00eentr-o camer\u0103 separat\u0103. De asemenea, din lipsa unui spa\u021biu adecvat pentru buc\u0103t\u0103rie, vasele sunt sp\u0103late l\u00e2ng\u0103 periu\u021bele de din\u021bi. Proprietarii au \u00eencercat s\u0103 g\u0103seasc\u0103 solu\u021bii pentru depozitare, ajung\u00e2nd chiar s\u0103 taie buc\u0103\u021bi din tavanul fals pentru a monta un dulap.<\/p>\n\n<p>\u00a0 \u00a0 \u00a0 \u00a0 \u00a0 \u00a0 \u00a0 \u00a0 \u00a0 \u00a0 \u00a0 \u00a0 \u00a0 \u00a0 \u00a0 \u00a0 \u00a0 \u00a0 \u00a0 \u00a0 \u00a0 \u00a0 \u00a0 \u00a0 \u00a0Imagini cu locuin\u021ba minuscul\u0103 din Madrid \/ Sursa foto &#8211; Presa str\u0103in\u0103<\/p>\n<p>Reac\u021bii ironice \u00een mediul online<\/p>\n<p>Anun\u021bul a st\u00e2rnit un val de reac\u021bii pe internet, utilizatorii ironiz\u00e2nd condi\u021biile oferite pentru o sum\u0103 at\u00e2t de mare. \u201eNici m\u0103car nu e loc pentru g\u00e2nduri. Dac\u0103 invi\u021bi pe cineva acas\u0103, trebuie s\u0103 ie\u0219i singur\u201d sau \u201eDTT-ul (televiziunea digital\u0103 terestr\u0103) vine separat?\u201d sunt doar c\u00e2teva dintre comentariile care au circulat online.<\/p>\n\n<p>\u00a0 \u00a0 \u00a0 \u00a0 \u00a0 \u00a0 \u00a0 \u00a0 \u00a0 \u00a0 \u00a0 \u00a0 \u00a0 \u00a0 \u00a0 \u00a0 \u00a0 \u00a0 \u00a0 Apartamentul minuscul se afl\u0103 \u00een Madrid \/ Sursa foto &#8211; Presa str\u0103in\u0103<\/p>\n<p>Exist\u0103 dificult\u0103\u021bi tot mai mari pentru locuitorii din Madrid de a g\u0103si locuin\u021be accesibile, pe fondul cre\u0219terii explozive a pre\u021burilor \u0219i al transform\u0103rii apartamentelor \u00een spa\u021bii de vacan\u021b\u0103 pentru turi\u0219ti.<\/p>\n<p>\u00a0\u00a0\u00a0\u00a0\u00a0Vezi aceast\u0103 postare pe Instagram\u00a0\u00a0\u00a0\u00a0\u00a0\u00a0\u00a0\u00a0\u00a0\u00a0\u00a0<\/p>\n<p><a href=\"https:\/\/www.instagram.com\/reel\/DH1dOCIoQF-\/?utm_source=ig_embed&amp;utm_campaign=loading\" target=\"_blank\">O postare distribuit\u0103 de La Pato \ud83e\udd86 (@le_petit_patito)<\/a><\/p>","protected":false},"excerpt":{"rendered":"<p>Locuin\u021b\u0103 f\u0103r\u0103 baie \u0219i cu tavan prea jos O utilizatoare de pe re\u021belele sociale a&hellip;<\/p>\n","protected":false},"author":0,"featured_media":44782,"comment_status":"open","ping_status":"open","sticky":false,"template":"","format":"standard","meta":{"footnotes":""},"categories":[2],"tags":[],"class_list":["post-44781","post","type-post","status-publish","format-standard","has-post-thumbnail","hentry","category-actual"],"_links":{"self":[{"href":"https:\/\/247stiri.ro\/index.php\/wp-json\/wp\/v2\/posts\/44781","targetHints":{"allow":["GET"]}}],"collection":[{"href":"https:\/\/247stiri.ro\/index.php\/wp-json\/wp\/v2\/posts"}],"about":[{"href":"https:\/\/247stiri.ro\/index.php\/wp-json\/wp\/v2\/types\/post"}],"replies":[{"embeddable":true,"href":"https:\/\/247stiri.ro\/index.php\/wp-json\/wp\/v2\/comments?post=44781"}],"version-history":[{"count":0,"href":"https:\/\/247stiri.ro\/index.php\/wp-json\/wp\/v2\/posts\/44781\/revisions"}],"wp:featuredmedia":[{"embeddable":true,"href":"https:\/\/247stiri.ro\/index.php\/wp-json\/wp\/v2\/media\/44782"}],"wp:attachment":[{"href":"https:\/\/247stiri.ro\/index.php\/wp-json\/wp\/v2\/media?parent=44781"}],"wp:term":[{"taxonomy":"category","embeddable":true,"href":"https:\/\/247stiri.ro\/index.php\/wp-json\/wp\/v2\/categories?post=44781"},{"taxonomy":"post_tag","embeddable":true,"href":"https:\/\/247stiri.ro\/index.php\/wp-json\/wp\/v2\/tags?post=44781"}],"curies":[{"name":"wp","href":"https:\/\/api.w.org\/{rel}","templated":true}]}}