{"id":44783,"date":"2025-04-03T13:44:57","date_gmt":"2025-04-03T13:44:57","guid":{"rendered":"https:\/\/247stiri.ro\/index.php\/2025\/04\/03\/primarul-unei-comune-din-vaslui-atacat-cu-cutitul-in-sediul-institutiei-ziua-in-amiaza-mare-atacatorul-are-92-de-ani-video\/"},"modified":"2025-04-03T13:44:57","modified_gmt":"2025-04-03T13:44:57","slug":"primarul-unei-comune-din-vaslui-atacat-cu-cutitul-in-sediul-institutiei-ziua-in-amiaza-mare-atacatorul-are-92-de-ani-video","status":"publish","type":"post","link":"https:\/\/247stiri.ro\/index.php\/2025\/04\/03\/primarul-unei-comune-din-vaslui-atacat-cu-cutitul-in-sediul-institutiei-ziua-in-amiaza-mare-atacatorul-are-92-de-ani-video\/","title":{"rendered":"Primarul unei comune din Vaslui, atacat cu cu\u021bitul \u00een sediul institu\u021biei, ziua \u00een amiaza mare. Atacatorul are 92 de ani VIDEO"},"content":{"rendered":"<p>Edilul a fost t\u0103iat pe fa\u021b\u0103, \u00eens\u0103 r\u0103nile nu \u00eei pun \u00een pericol via\u021ba. \u201eA venit mo\u0219neagul cu o plas\u0103 cu acte. I-am spus \u00abarat\u0103 actele\u00bb. \u0218i el a scos cu\u021bitul. Mi-a zis \u00abnu am venit s\u0103-\u021bi ar\u0103t actele, am venit s\u0103 te omor\u00bb. A scos cu\u021bitul \u0219i eu l-am prins de o m\u00e2n\u0103, iar cu cealalt\u0103 el mai mult m-a zg\u00e2riat\u201d, a declarat primarul Neculai Ciofu.<\/p>\n<p>Incidentul a avut loc de diminea\u021b\u0103. Agresorul l-a a\u0219teptat pe primar \u00een fa\u021ba prim\u0103riei: \u201eLa ora 8 f\u0103r\u0103 ceva el era \u00een fa\u021ba prim\u0103riei. C\u00e2nd am ajuns eu, a\u0219tepta pe banc\u0103. L-am salutat, dar nu mi-a r\u0103spuns. M-am dus mai aproape de el \u0219i i-am zis din nou \u201ebun\u0103 diminea\u021ba\u201d. Tot nu mi-a r\u0103spuns. S-a uitat \u00eencruntat, probabil c\u0103 el venise pornit pe ceva. Apoi a venit domnul primar \u0219i l-a invitat \u00een birou, ca s\u0103 vorbeasc\u0103. A intrat, or fi schimbat c\u00e2teva cuvinte \u0219i, la un moment dat a scos cu\u021bitul \u0219i l-a t\u0103iat \u00een fa\u021b\u0103. Crede\u021bi-m\u0103 c\u0103 nu m-am uitat ca lumea. S\u00e2nge am v\u0103zut, dar nu a fost ceva foarte grav. Cred c\u0103 s-au luptat, domnul primar a \u00eencercat s\u0103 se apere \u0219i, astfel, s-a salvat\u201d, a declarat un angajat al Prim\u0103riei D\u0103ne\u0219ti.<\/p>\n<p>Primarul: \u201edup\u0103 ce i-am luat cu\u021bitul, l-am pus \u00eentr-un col\u021b \u0219i l-am \u021binut acolo p\u00e2n\u0103 a venit Poli\u021bia\u201d<\/p>\n<p>Primarul a reu\u0219it s\u0103 \u00eei ia b\u0103rbatului cu\u021bitul \u0219i s\u0103 \u00eel imobilizeze p\u00e2n\u0103 c\u00e2nd au ajuns poli\u021bi\u0219tii. \u201eVoi solicita ordin de protec\u021bie, dar nu cred c\u0103 mai vine el la prim\u0103rie. Dup\u0103 ce i-am luat cu\u021bitul, l-am pus \u00eentr-un col\u021b \u0219i l-am \u021binut acolo p\u00e2n\u0103 a venit Poli\u021bia. Nu a mai reac\u021bionat. O fi v\u0103zut c\u0103 a gre\u0219it. Nemul\u021bumirea lui e c\u0103 a cump\u0103rat acum vreo 30 de ani o bucat\u0103 de p\u0103m\u00e2nt, dar f\u0103r\u0103 acte, \u0219i vrea s\u0103 \u00eei fac titlu, dar acela (n.r. persoana de la care agresorul a cump\u0103rat terenul) are o fat\u0103 prin Ia\u0219i. Cum s\u0103-i faci titlu cu acte de m\u00e2n\u0103? \u00cen 25 de ani nu am mai p\u0103\u021bit asta\u201d, a declarat primarul Neculai Ciofu.<\/p>\n<p>Primarul comunei D\u0103ne\u0219ti, atacat \u0219i \u00een urm\u0103 cu doi ani de acela\u0219i agresor. Preotul din comun\u0103 l-a oprit la timp<\/p>\n<p>Nu e prima dat\u0103 c\u00e2nd primarul este atacat de b\u0103tr\u00e2nul Stamate. Anul trecut a vrut s\u0103-l atace, \u00eens\u0103 preotul a observat c\u0103 scosese cu\u021bitul \u0219i l-a oprit: \u201eL-a mai atacat o dat\u0103 pe domnul primar. A venit la un eveniment care a avut loc \u00een satul Bereasa, iar acolo a intervenit chiar p\u0103rintele. Nu \u0219tiu foarte multe despre nemul\u021bumirile lui. \u0218tiu doar c\u0103 voia un p\u0103m\u00e2nt care nici m\u0103car nu era al lui. Dar toat\u0103 via\u021ba lui a vrut asta, nu este de acum. Are aproape 92 ani. O via\u021b\u0103 \u00eentreag\u0103 a purtat cu\u021bit la el\u201d, a declarat un angajat al Prim\u0103riei D\u0103ne\u0219ti.<\/p>\n\n<p><a href=\"https:\/\/www.vremeanoua.ro\/video-primarul-comunei-danesti-atacat-cu-cutitul-in-sediul-institutiei-nu-am-venit-sa-ti-arat-actele-am-venit-sa-te-omor\/\" target=\"_blank\">SURSA<\/a><\/p>","protected":false},"excerpt":{"rendered":"<p>Edilul a fost t\u0103iat pe fa\u021b\u0103, \u00eens\u0103 r\u0103nile nu \u00eei pun \u00een pericol via\u021ba. \u201eA&hellip;<\/p>\n","protected":false},"author":0,"featured_media":44772,"comment_status":"open","ping_status":"open","sticky":false,"template":"","format":"standard","meta":{"footnotes":""},"categories":[2],"tags":[],"class_list":["post-44783","post","type-post","status-publish","format-standard","has-post-thumbnail","hentry","category-actual"],"_links":{"self":[{"href":"https:\/\/247stiri.ro\/index.php\/wp-json\/wp\/v2\/posts\/44783","targetHints":{"allow":["GET"]}}],"collection":[{"href":"https:\/\/247stiri.ro\/index.php\/wp-json\/wp\/v2\/posts"}],"about":[{"href":"https:\/\/247stiri.ro\/index.php\/wp-json\/wp\/v2\/types\/post"}],"replies":[{"embeddable":true,"href":"https:\/\/247stiri.ro\/index.php\/wp-json\/wp\/v2\/comments?post=44783"}],"version-history":[{"count":0,"href":"https:\/\/247stiri.ro\/index.php\/wp-json\/wp\/v2\/posts\/44783\/revisions"}],"wp:featuredmedia":[{"embeddable":true,"href":"https:\/\/247stiri.ro\/index.php\/wp-json\/wp\/v2\/media\/44772"}],"wp:attachment":[{"href":"https:\/\/247stiri.ro\/index.php\/wp-json\/wp\/v2\/media?parent=44783"}],"wp:term":[{"taxonomy":"category","embeddable":true,"href":"https:\/\/247stiri.ro\/index.php\/wp-json\/wp\/v2\/categories?post=44783"},{"taxonomy":"post_tag","embeddable":true,"href":"https:\/\/247stiri.ro\/index.php\/wp-json\/wp\/v2\/tags?post=44783"}],"curies":[{"name":"wp","href":"https:\/\/api.w.org\/{rel}","templated":true}]}}