{"id":44784,"date":"2025-04-03T13:44:57","date_gmt":"2025-04-03T13:44:57","guid":{"rendered":"https:\/\/247stiri.ro\/index.php\/2025\/04\/03\/avocatul-profesorului-oradean-acuzat-de-agresiune-sexuala-vom-coopera-cu-organele-de-urmarire-cadrul-didactic-a-fost-plasat-sub-control-judiciar\/"},"modified":"2025-04-03T13:44:57","modified_gmt":"2025-04-03T13:44:57","slug":"avocatul-profesorului-oradean-acuzat-de-agresiune-sexuala-vom-coopera-cu-organele-de-urmarire-cadrul-didactic-a-fost-plasat-sub-control-judiciar","status":"publish","type":"post","link":"https:\/\/247stiri.ro\/index.php\/2025\/04\/03\/avocatul-profesorului-oradean-acuzat-de-agresiune-sexuala-vom-coopera-cu-organele-de-urmarire-cadrul-didactic-a-fost-plasat-sub-control-judiciar\/","title":{"rendered":"Avocatul profesorului oradean, acuzat de agresiune sexual\u0103: &#8222;Vom coopera cu organele de urm\u0103rire&#8221;. Cadrul didactic a fost plasat sub control judiciar"},"content":{"rendered":"<p>&#8222;Prezum\u021bia de nevinov\u0103\u021bie a fost c\u0103lcat\u0103 \u00een picioare &#8211; un profesor exemplar, care a educat genera\u021bii \u00eentregi de elevi, f\u0103r\u0103 nicio abatere \u00een \u00eentreaga carier\u0103 \u0219i f\u0103r\u0103 m\u0103car o singur\u0103 reclama\u021bie similar\u0103 privind o eventual\u0103 conduit\u0103 necorespunz\u0103toare. Vom coopera cu organele de urm\u0103rire penal\u0103 pentru stabilirea unei st\u0103ri de fapt corecte \u00een prezentul dosar. Dac\u0103 va fi nevinovat, va fi achitat, iar dac\u0103 va fi vinovat o s\u0103 suporte consecin\u021bele legii. S-a ajuns \u00een punctul \u00een care orice cuv\u00e2nt sau gest al unui profesor sau \u00eenv\u0103\u021b\u0103tor fa\u021b\u0103 de elevul s\u0103u poate fi interpretat ca agresiune sexual\u0103&#8221;, arat\u0103 sursa citat\u0103.<\/p>\n<p>Inspectoratul \u0218colar Jude\u021bean Bihor a anun\u021bat miercuri c\u0103 a fost informat \u00een leg\u0103tur\u0103 cu o presupus\u0103 abatere disciplinar\u0103 a unui cadru didactic de la colegiul din Oradea \u0219i despre interven\u021bia institu\u021biilor abilitate \u00een leg\u0103tur\u0103 cu acest caz, sesizate de c\u0103tre p\u0103rintele unui copil de 9 ani.<\/p>\n<p>&#8222;La nivelul unit\u0103\u021bii de \u00eenv\u0103\u021b\u0103m\u00e2nt au fost demarate procedurile specifice de cercetare disciplinar\u0103 a conduitei domnului profesor, precum \u0219i suspendarea acestuia de la prestarea activit\u0103\u021bii didactice cu elevii p\u00e2n\u0103 la finalizarea acestei cercet\u0103ri. Inspectoratul \u0218colar Jude\u021bean Bihor urm\u0103re\u0219te evolu\u021bia cazului \u0219i dezaprob\u0103 categoric astfel de conduite \u00een r\u00e2ndul personalului angajat&#8221;, a ar\u0103tat Inspectoratul \u0218colar \u00eentr-un comunicat.<\/p>\n<p>Profesorul a fost re\u021binut mar\u021bi, iar ulterior a fost plasat sub control judiciar.\u00a0<\/p>","protected":false},"excerpt":{"rendered":"<p>&#8222;Prezum\u021bia de nevinov\u0103\u021bie a fost c\u0103lcat\u0103 \u00een picioare &#8211; un profesor exemplar, care a educat&hellip;<\/p>\n","protected":false},"author":0,"featured_media":44785,"comment_status":"open","ping_status":"open","sticky":false,"template":"","format":"standard","meta":{"footnotes":""},"categories":[2],"tags":[],"class_list":["post-44784","post","type-post","status-publish","format-standard","has-post-thumbnail","hentry","category-actual"],"_links":{"self":[{"href":"https:\/\/247stiri.ro\/index.php\/wp-json\/wp\/v2\/posts\/44784","targetHints":{"allow":["GET"]}}],"collection":[{"href":"https:\/\/247stiri.ro\/index.php\/wp-json\/wp\/v2\/posts"}],"about":[{"href":"https:\/\/247stiri.ro\/index.php\/wp-json\/wp\/v2\/types\/post"}],"replies":[{"embeddable":true,"href":"https:\/\/247stiri.ro\/index.php\/wp-json\/wp\/v2\/comments?post=44784"}],"version-history":[{"count":0,"href":"https:\/\/247stiri.ro\/index.php\/wp-json\/wp\/v2\/posts\/44784\/revisions"}],"wp:featuredmedia":[{"embeddable":true,"href":"https:\/\/247stiri.ro\/index.php\/wp-json\/wp\/v2\/media\/44785"}],"wp:attachment":[{"href":"https:\/\/247stiri.ro\/index.php\/wp-json\/wp\/v2\/media?parent=44784"}],"wp:term":[{"taxonomy":"category","embeddable":true,"href":"https:\/\/247stiri.ro\/index.php\/wp-json\/wp\/v2\/categories?post=44784"},{"taxonomy":"post_tag","embeddable":true,"href":"https:\/\/247stiri.ro\/index.php\/wp-json\/wp\/v2\/tags?post=44784"}],"curies":[{"name":"wp","href":"https:\/\/api.w.org\/{rel}","templated":true}]}}