{"id":44790,"date":"2025-04-03T13:44:59","date_gmt":"2025-04-03T13:44:59","guid":{"rendered":"https:\/\/247stiri.ro\/index.php\/2025\/04\/03\/un-candidat-la-prezidentiale-vrea-sa-reintroduca-pedeapsa-cu-moartea-si-sa-le-dea-romanilor-dreptul-de-a-purta-arme-de-foc\/"},"modified":"2025-04-03T13:44:59","modified_gmt":"2025-04-03T13:44:59","slug":"un-candidat-la-prezidentiale-vrea-sa-reintroduca-pedeapsa-cu-moartea-si-sa-le-dea-romanilor-dreptul-de-a-purta-arme-de-foc","status":"publish","type":"post","link":"https:\/\/247stiri.ro\/index.php\/2025\/04\/03\/un-candidat-la-prezidentiale-vrea-sa-reintroduca-pedeapsa-cu-moartea-si-sa-le-dea-romanilor-dreptul-de-a-purta-arme-de-foc\/","title":{"rendered":"Un candidat la preziden\u021biale vrea s\u0103 reintroduc\u0103 pedeapsa cu moartea \u0219i s\u0103 le dea rom\u00e2nilor dreptul de a purta arme de foc"},"content":{"rendered":"<p>Candidatul la alegerile preziden\u021biale din luna mai, John Ion Banu Muscel, a f\u0103cut o serie de declara\u021bii \u0219ocante \u00een cadrul unui podcast,\u00a0\u00een care a abordat subiectele reintroducerii pedepsei cu moartea \u00een Rom\u00e2nia \u0219i dreptul cet\u0103\u021benilor de a de\u021bine arme de foc.<\/p>\n<p>\u00centrebat dac\u0103 Rom\u00e2nia ar trebui s\u0103 reintroduc\u0103 pedeapsa capital\u0103, John Ion Banu Muscel a r\u0103spuns f\u0103r\u0103 ezitare: \u201eDa\u201d. Acesta a explicat c\u0103 m\u0103sura ar trebui aplicat\u0103 \u00een cazuri extreme, precum crima sau tr\u0103darea na\u021biunii, \u0219i nu neap\u0103rat \u00een cazul corup\u021biei.<\/p>\n<p>Potrivit politicianului, pedeapsa cu moartea ar trebui s\u0103 fie impus\u0103 atunci c\u00e2nd ac\u021biunile unui individ aduc prejudicii considerabile \u021b\u0103rii \u0219i cet\u0103\u021benilor. \u201eNu \u0219tiu dac\u0103 m-am referit exact la corup\u021bie extrem\u0103. S-ar putea s\u0103 fie \u0219i aceasta, dar \u00een primul r\u00e2nd este vorba de via\u021b\u0103 pentru via\u021b\u0103 \u0219i de tr\u0103darea na\u021biunii. Acestea ar fi principalele motive. Nu neap\u0103rat pentru corup\u021bie. Trebuie s\u0103 fie ceva care s\u0103 aduc\u0103 prejudicii serioase \u021b\u0103rii, cet\u0103\u021benilor Rom\u00e2niei, ca s\u0103 aplic\u0103m acest lucru,\u201d a declarat Muscel.<\/p>\n<p>Pe l\u00e2ng\u0103 acest subiect controversat, Banu Muscel a adus \u00een discu\u021bie \u0219i dreptul rom\u00e2nilor de a de\u021bine arme de foc. \u00cen opinia sa, acest drept ar trebui tratat ca o form\u0103 de ap\u0103rare legitim\u0103, nu ca o amenin\u021bare, iar guvernul ar trebui s\u0103 asigure siguran\u021ba cet\u0103\u021benilor prin respectarea acestui drept fundamental.<\/p>\n<p><a title=\"Candidatul lui Soros, campanie pe bani grei in strainatate. Robert Turcescu il desfiinteaza pe sorosistul Nicusor Dan - VIDEO\" href=\"https:\/\/www.realitatea.net\/stiri\/politica\/candidatul-lui-soros-campanie-pe-grei-in-strainatate-robert-turcescu-il-desfiinteaza-pe-sorosistul-nicusor-dan-video_67ee5c5873f1f648ae710f22\">Candidatul lui Soro\u0219, campanie pe bani grei \u00een str\u0103in\u0103tate. Robert Turcescu \u00eel desfiin\u021beaz\u0103 pe soro\u0219istul Nicu\u0219or Dan &#8211; VIDEO<\/a><\/p>\n<p>\u201eCultura, modul de a te schimba vine gradual. Dar eu \u0219tiu urm\u0103torul lucru: prima datorie a unui guvern este s\u0103 aib\u0103 grij\u0103 de cet\u0103\u021beni. Iar una dintre formele prin care guvernul trebuie s\u0103 le asigure siguran\u021ba este s\u0103 le respecte dreptul la ap\u0103rare. Dreptul de purtare a armelor este, de fapt, dreptul de a te ap\u0103ra. Acesta este un drept fundamental al omului,\u201d a afirmat candidatul.<\/p>\n<p>Muscel a precizat c\u0103, \u00een ciuda sus\u021binerii acestui drept, nu crede c\u0103 legalizarea armelor va duce la o explozie a criminalit\u0103\u021bii \u00een Rom\u00e2nia, deoarece \u201enu cred c\u0103 exist\u0103 o asemenea degradare moral\u0103 \u00een Rom\u00e2nia\u201d. El a subliniat c\u0103 armele trebuie verificate riguros \u00eenainte de a fi aprobate, iar purtarea acestora nu ar trebui s\u0103 fie permis\u0103 pe strad\u0103. \u201eNu umbl\u0103m cu ele pe strad\u0103,\u201d a ad\u0103ugat acesta.<\/p>\n<p>Interogat cu privire la modul \u00een care ar implementa aceste m\u0103suri, politicianul a subliniat c\u0103 nu ar introduce niciodat\u0103 astfel de propuneri f\u0103r\u0103 sus\u021binerea cet\u0103\u021benilor, printr-un referendum cu putere executiv\u0103. \u201eTotul trebuie s\u0103 porneasc\u0103 de la voin\u021ba poporului, exprimat\u0103 printr-un referendum cu putere executiv\u0103,\u201d a afirmat Muscel.<\/p>\n<p><a title='Daniel Funeriu, despre anularea alegerilor prezidentiale: \"A fost un cataclism democratic pentru Romania\"' href=\"https:\/\/www.realitatea.net\/stiri\/actual\/daniel-funeriu-despre-anularea-alegerilor-prezidentiale-a-fost-un-cataclism-democratic-pentru-romania_67ed9964c416ca73c04eb3d2\">Daniel Funeriu, despre anularea alegerilor preziden\u021biale: \u201dA fost un cataclism democratic pentru Rom\u00e2nia\u201d<\/a><\/p>\n<p>Istoricul pedepsei cu moartea \u00een Rom\u00e2nia<\/p>\n<p>Pedeapsa cu moartea are o istorie lung\u0103 \u0219i variat\u0103 \u00een Rom\u00e2nia. Rom\u00e2nia ca stat modern s-a format \u00een 1859, dup\u0103 Unirea Principatelor. Codul Penal adoptat \u00een anul 1864 nu prevedea pedeapsa cu moartea, unele infrac\u021biuni comise \u00een timp de r\u0103zboi fiind stipulate \u00eens\u0103 de Codul Militar. Constitu\u021bia din 1866 adoptat\u0103 \u00een timpul regelui Carol I \u0219i inspirat\u0103 de modelul belgian liberal din 1831, nu prevedea pedeapsa cu moartea pentru crime pe timp de pace.\u00a0<\/p>\n<p>Eliminarea pedepsei cu moartea pentru crime pe timp de pace a fost reafirmat\u0103 \u00een articolul 16 al Constitu\u021biei din 1923. La 24 septembrie 1938, legea nr. 3247 pentru implementarea noului cod penal din 1936 l-a pus pe acesta \u00een acord cu noua Constitu\u021bie a regimului autoritar al regelui Carol al II-lea din 20 februarie 1938:<\/p>\n<p>\u201eArt. 15. Pedeapsa cu moartea se aplic\u0103 \u00een timp de r\u0103zboi potrivit codului de justi\u021bie militar\u0103. Consiliul de Mini\u0219tri va putea decide aplicarea dispozi\u021biunilor din alineatul precedent \u0219i \u00een timp de pace, pentru atentate contra Suveranului, Membrilor Familiei Regale, \u0218efilor Statelor str\u0103ine \u0219i demnitarilor Statului din mobile \u0219i \u00een leg\u0103tur\u0103 cu exerci\u021biul func\u021biunilor ce le sunt \u00eencredin\u021bate, precum \u0219i \u00een cazurile de t\u00e2lh\u0103rie cu omor \u0219i asasinat politic\u201d\u00a0<\/p>\n<p>\u00cen timpul celui de-al doilea r\u0103zboi mondial, regimul antonescian a crescut num\u0103rul infrac\u021biunilor pedepsite cu moartea, incluz\u00e2nd jaful, insurec\u021bia, rebeliunea, tr\u0103darea, spionajul \u0219i altele, \u00een vreme ce num\u0103rul execu\u021biilor a crescut rapid.<\/p>\n<p>Prima jum\u0103tate a perioadei comuniste a fost foarte dinamic\u0103 din punct de vedere al pedepsei cu moartea. Debutul s\u0103u a fost dominat de chestiunea criminalilor de r\u0103zboi. De\u0219i juri\u0219ti de prim rang au dezb\u0103tut problema pedepsei capitale \u0219i au \u00eencercat s\u0103 o aboleasc\u0103 \u00een 1956, prevederile legislative \u0219i aplicarea lor s-au \u00een\u0103sprit \u00een 1958, c\u00e2nd Gheorghe Gheorghiu-Dej a ini\u021biat un nou val de represiuni.\u00a0<\/p>\n<p>Perioada de dup\u0103 reforma penal\u0103 din 1969 a fost legat\u0103 \u00een mod particular de personalitatea lui Nicolae Ceau\u0219escu. Comparativ cu perioada stalinist\u0103, nu mai \u00eent\u00e2lnim aplicarea pedepsei cu moartea \u00een scopuri direct politice precum eliminarea diziden\u021bilor, \u00een schimb au existat cazuri speciale, cum ar fi cel al criminalului Ion R\u00eemaru.<\/p>\n<p>\u00cen Rom\u00e2nia comunist\u0103 au fost executate 104 persoane. \u00centre 1965 \u0219i 1989 Tribunalul Militar Bucure\u0219ti a condamnat la moarte 47 de persoane.<\/p>\n<p>Pedeapsa cu moartea a fost abolit\u0103 prin decretul-lege nr. 6 din 7 ianuarie 1990 \u0219i a fost \u00eenlocuit\u0103 cu pedeapsa deten\u021biunii pe via\u021b\u0103<\/p>\n<p><a title=\"Un condamnat la moarte a fost intrebat de autoritati ce metoda de executie prefera. Ce decizie a luat barbatul\" href=\"https:\/\/www.realitatea.net\/stiri\/extern\/un-condamnat-la-moarte-a-fost-intrebat-de-autoritati-ce-metoda-de-executie-prefera-ce-decizie-a-luat-barbatul_670807d221b08058570848a2\">Un condamnat la moarte a fost \u00eentrebat de autorit\u0103\u021bi ce metod\u0103 de execu\u021bie prefer\u0103. Ce decizie a luat b\u0103rbatul<\/a><\/p>\n<p>\u00a0<\/p>","protected":false},"excerpt":{"rendered":"<p>Candidatul la alegerile preziden\u021biale din luna mai, John Ion Banu Muscel, a f\u0103cut o serie&hellip;<\/p>\n","protected":false},"author":0,"featured_media":44791,"comment_status":"open","ping_status":"open","sticky":false,"template":"","format":"standard","meta":{"footnotes":""},"categories":[2],"tags":[],"class_list":["post-44790","post","type-post","status-publish","format-standard","has-post-thumbnail","hentry","category-actual"],"_links":{"self":[{"href":"https:\/\/247stiri.ro\/index.php\/wp-json\/wp\/v2\/posts\/44790","targetHints":{"allow":["GET"]}}],"collection":[{"href":"https:\/\/247stiri.ro\/index.php\/wp-json\/wp\/v2\/posts"}],"about":[{"href":"https:\/\/247stiri.ro\/index.php\/wp-json\/wp\/v2\/types\/post"}],"replies":[{"embeddable":true,"href":"https:\/\/247stiri.ro\/index.php\/wp-json\/wp\/v2\/comments?post=44790"}],"version-history":[{"count":0,"href":"https:\/\/247stiri.ro\/index.php\/wp-json\/wp\/v2\/posts\/44790\/revisions"}],"wp:featuredmedia":[{"embeddable":true,"href":"https:\/\/247stiri.ro\/index.php\/wp-json\/wp\/v2\/media\/44791"}],"wp:attachment":[{"href":"https:\/\/247stiri.ro\/index.php\/wp-json\/wp\/v2\/media?parent=44790"}],"wp:term":[{"taxonomy":"category","embeddable":true,"href":"https:\/\/247stiri.ro\/index.php\/wp-json\/wp\/v2\/categories?post=44790"},{"taxonomy":"post_tag","embeddable":true,"href":"https:\/\/247stiri.ro\/index.php\/wp-json\/wp\/v2\/tags?post=44790"}],"curies":[{"name":"wp","href":"https:\/\/api.w.org\/{rel}","templated":true}]}}