{"id":448,"date":"2024-10-21T07:53:10","date_gmt":"2024-10-21T07:53:10","guid":{"rendered":"https:\/\/247stiri.ro\/index.php\/2024\/10\/21\/alegeri-parlamentare-diana-sosoaca-admisa-sa-candideze-la-senat-le-am-dat-sah-mat\/"},"modified":"2024-10-21T07:53:10","modified_gmt":"2024-10-21T07:53:10","slug":"alegeri-parlamentare-diana-sosoaca-admisa-sa-candideze-la-senat-le-am-dat-sah-mat","status":"publish","type":"post","link":"https:\/\/247stiri.ro\/index.php\/2024\/10\/21\/alegeri-parlamentare-diana-sosoaca-admisa-sa-candideze-la-senat-le-am-dat-sah-mat\/","title":{"rendered":"Alegeri parlamentare. Diana \u0218o\u0219oac\u0103, admis\u0103 s\u0103 candideze la Senat: \u201eLe-am dat \u015fah-mat\u201d"},"content":{"rendered":"<p>Biroul Electoral a admis ca Diana \u0218o\u0219oac\u0103 s\u0103 candideze la Senat.<\/p>\n<p>\u201eEste o zi cu totul special\u0103. \u00cen lumina acelei decizii a CCR, care a devenit neconstitu\u0163ional\u0103, ast\u0103zi am depus la Biroul Electoral al Municipiului Bucure\u015fti listele pentru Senat \u015fi Camera Deputa\u0163ilor ale partidului S.O.S Rom\u00e2nia, liste complete. Vreau s\u0103 v\u0103 spun c\u0103 la Senat conduc lista de Senat, iar la Camera Deputa\u0163ilor conduce domnul deputat Dumitru Coarn\u0103\u201d, a spus \u015eo\u015foac\u0103 \u00een fa\u0163a Biroului Electoral Municipal.\u00a0<\/p>\n<p>\u201eUimitor, la verificarea normal\u0103 f\u0103cut\u0103 de BEM, Diana Iovanovici \u015eo\u015foac\u0103 nu era interzis\u0103 s\u0103 candideze la nicio func\u0163ie a statului rom\u00e2n. Dac\u0103 cineva credea c\u0103 nu voi candida de fric\u0103 s\u0103 nu ne anuleze lista, lista nu se poate anula, eventual se anula candidatura mea, g\u00e2ndi\u0163i-v\u0103 c\u0103 \u00een acest moment, pentru c\u0103 suntem juri\u015fti, le-am dat \u015fah-mat. De ce? Pentru c\u0103 dac\u0103 se admite candidatura, ceea ce s-a \u015fi \u00eent\u00e2mplat, \u00eenseamn\u0103 c\u0103 decizia CCR este una neconstitu\u0163ional\u0103\u201d, a spus \u015eo\u015foac\u0103.\u00a0<\/p>\n<p><a href=\"https:\/\/www.realitatea.net\/stiri\/actual\/o-hotarare-judecatoreasca-fara-precedent-zguduie-alegerile-din-romania-de-ce-a-fost-mazilita-sosoaca-analiza-politico_670fa5522fad1d49352f0d02\" target=\"_blank\" rel=\"noopener\">O hot\u0103r\u00e2re judec\u0103toreasc\u0103 f\u0103r\u0103 precedent zguduie alegerile din Rom\u00e2nia: de ce a fost mazilit\u0103 \u0218o\u0219oac\u0103 &#8211; analiz\u0103 POLITICO<\/a><\/p>","protected":false},"excerpt":{"rendered":"<p>Biroul Electoral a admis ca Diana \u0218o\u0219oac\u0103 s\u0103 candideze la Senat. \u201eEste o zi cu&hellip;<\/p>\n","protected":false},"author":0,"featured_media":438,"comment_status":"open","ping_status":"open","sticky":false,"template":"","format":"standard","meta":{"footnotes":""},"categories":[2],"tags":[],"class_list":["post-448","post","type-post","status-publish","format-standard","has-post-thumbnail","hentry","category-actual"],"_links":{"self":[{"href":"https:\/\/247stiri.ro\/index.php\/wp-json\/wp\/v2\/posts\/448","targetHints":{"allow":["GET"]}}],"collection":[{"href":"https:\/\/247stiri.ro\/index.php\/wp-json\/wp\/v2\/posts"}],"about":[{"href":"https:\/\/247stiri.ro\/index.php\/wp-json\/wp\/v2\/types\/post"}],"replies":[{"embeddable":true,"href":"https:\/\/247stiri.ro\/index.php\/wp-json\/wp\/v2\/comments?post=448"}],"version-history":[{"count":0,"href":"https:\/\/247stiri.ro\/index.php\/wp-json\/wp\/v2\/posts\/448\/revisions"}],"wp:featuredmedia":[{"embeddable":true,"href":"https:\/\/247stiri.ro\/index.php\/wp-json\/wp\/v2\/media\/438"}],"wp:attachment":[{"href":"https:\/\/247stiri.ro\/index.php\/wp-json\/wp\/v2\/media?parent=448"}],"wp:term":[{"taxonomy":"category","embeddable":true,"href":"https:\/\/247stiri.ro\/index.php\/wp-json\/wp\/v2\/categories?post=448"},{"taxonomy":"post_tag","embeddable":true,"href":"https:\/\/247stiri.ro\/index.php\/wp-json\/wp\/v2\/tags?post=448"}],"curies":[{"name":"wp","href":"https:\/\/api.w.org\/{rel}","templated":true}]}}