{"id":44803,"date":"2025-04-03T14:45:27","date_gmt":"2025-04-03T14:45:27","guid":{"rendered":"https:\/\/247stiri.ro\/index.php\/2025\/04\/03\/averea-lui-bercea-mondialu-pusa-sub-sechestru-40-de-imobile-41-de-conturi-bancare-si-sapte-masini\/"},"modified":"2025-04-03T14:45:27","modified_gmt":"2025-04-03T14:45:27","slug":"averea-lui-bercea-mondialu-pusa-sub-sechestru-40-de-imobile-41-de-conturi-bancare-si-sapte-masini","status":"publish","type":"post","link":"https:\/\/247stiri.ro\/index.php\/2025\/04\/03\/averea-lui-bercea-mondialu-pusa-sub-sechestru-40-de-imobile-41-de-conturi-bancare-si-sapte-masini\/","title":{"rendered":"Averea lui Bercea Mondialu, pus\u0103 sub SECHESTRU:  40 de imobile, 41 de conturi bancare \u0219i \u0219apte ma\u0219ini"},"content":{"rendered":"<p>Sandu Anghel, cunoscut ca Bercea Mondialu, a fost re\u021binut de DIICOT al\u0103turi de nou\u0103 membri ai familiei sale (cinci b\u0103rba\u021bi \u0219i patru femei, cu v\u00e2rstele cuprinse \u00eentre 21 \u0219i 57 de ani), \u00eentr-un dosar de constituire a unui grup infrac\u021bional organizat, cam\u0103t\u0103 \u0219i \u0219antaj.<\/p>\n<p>Ace\u0219tia vor fi du\u0219i joi la Tribunalul Dolj cu propunerea de arestare preventiv\u0103 pentru 30 de zile.<\/p>\n<p>Conform unui comunicat al DIICOT, la perchezi\u021biile efectuate miercuri \u00een locuin\u021bele interlopilor, au fost g\u0103site \u0219i ridicate \u00eenscrisuri, dispozitive de stocare a datelor, sumele de 106.700 lei, 40.650 euro, precum \u0219i alte mijloace de prob\u0103.<\/p>\n<p>\u00cen cursul anului 2022, Sandu Anghel, cunoscut drept Bercea Mondialu, \u0219i membri ai familiei sale au format o grupare de criminalitate organizat\u0103 \u00een scopul ob\u021binerii unor beneficii materiale substan\u021biale din acordarea de sume de bani cu \u00eemprumut, pentru care au pretins dob\u00e2nzi lunare cuprinse \u00eentre 10 \u0219i 40%, afirm\u0103 anchetatorii.<\/p>\n<p>\u00cen cadrul acestei grup\u0103ri de tip piramidal, deciziile legate de opera\u021biunile de c\u0103m\u0103t\u0103rie erau luate de Bercea Mondialu, \u00een timp ce subordona\u021bii s\u0103i aveau sarcina recuper\u0103rii crean\u021belor de la debitori, c\u0103rora \u00een mod constant le-au fost majorate dob\u00e2nzile \u0219i li s-au impus penaliz\u0103ri pentru neplata sumelor datorate la termenele stabilite, sus\u021bin procurorii.<\/p>\n<p>\u00cen situa\u021bia \u00een care persoanele \u00eemprumutate nu \u0219i-au mai putut onora obliga\u021biile asumate, membrii grup\u0103rii au recurs la amenin\u021b\u0103ri, acte de intimidare sau violen\u021be fizice, \u00een vederea recuper\u0103rii debitelor.<\/p>\n<p><a href=\"https:\/\/www.realitatea.net\/stiri\/actual\/perchezitii-la-mafia-camatarilor-familia-lui-bercea-mondialu-calcata-de-mascati_67eccb12e55f2d3d940a5d9b\" target=\"_blank\">Perchezi\u021bii la mafia c\u0103m\u0103tarilor: familia lui Bercea Mondialu, c\u0103lcat\u0103 de masca\u021bi<\/a><\/p>\n<p>Sumele ob\u021binute din c\u0103m\u0103t\u0103rie au fost folosite pentru achizi\u021bionarea de bunuri mobile sau imobile &#8211; autoturisme de lux, case, apartamente, terenuri.<\/p>\n<p>Bercea Mondialu are dou\u0103 condamn\u0103ri la activ pentru tentativ\u0103 la omor calificat.<\/p>\n<p>El a primit 13 ani pentru o tentativ\u0103 la omor s\u0103v\u00e2r\u0219it\u0103 \u00eempotriva unui fost viceprimar al municipiului Slatina, Valeriu Matei \u0219i 8 ani &#8211; pentru \u00eenjunghierea unui nepot.<\/p>\n<p>A fost eliberat condi\u021bionat din \u00eenchisoare \u00een anul 2022.<\/p>","protected":false},"excerpt":{"rendered":"<p>Sandu Anghel, cunoscut ca Bercea Mondialu, a fost re\u021binut de DIICOT al\u0103turi de nou\u0103 membri&hellip;<\/p>\n","protected":false},"author":0,"featured_media":44804,"comment_status":"open","ping_status":"open","sticky":false,"template":"","format":"standard","meta":{"footnotes":""},"categories":[2],"tags":[],"class_list":["post-44803","post","type-post","status-publish","format-standard","has-post-thumbnail","hentry","category-actual"],"_links":{"self":[{"href":"https:\/\/247stiri.ro\/index.php\/wp-json\/wp\/v2\/posts\/44803","targetHints":{"allow":["GET"]}}],"collection":[{"href":"https:\/\/247stiri.ro\/index.php\/wp-json\/wp\/v2\/posts"}],"about":[{"href":"https:\/\/247stiri.ro\/index.php\/wp-json\/wp\/v2\/types\/post"}],"replies":[{"embeddable":true,"href":"https:\/\/247stiri.ro\/index.php\/wp-json\/wp\/v2\/comments?post=44803"}],"version-history":[{"count":0,"href":"https:\/\/247stiri.ro\/index.php\/wp-json\/wp\/v2\/posts\/44803\/revisions"}],"wp:featuredmedia":[{"embeddable":true,"href":"https:\/\/247stiri.ro\/index.php\/wp-json\/wp\/v2\/media\/44804"}],"wp:attachment":[{"href":"https:\/\/247stiri.ro\/index.php\/wp-json\/wp\/v2\/media?parent=44803"}],"wp:term":[{"taxonomy":"category","embeddable":true,"href":"https:\/\/247stiri.ro\/index.php\/wp-json\/wp\/v2\/categories?post=44803"},{"taxonomy":"post_tag","embeddable":true,"href":"https:\/\/247stiri.ro\/index.php\/wp-json\/wp\/v2\/tags?post=44803"}],"curies":[{"name":"wp","href":"https:\/\/api.w.org\/{rel}","templated":true}]}}