{"id":44807,"date":"2025-04-03T14:45:28","date_gmt":"2025-04-03T14:45:28","guid":{"rendered":"https:\/\/247stiri.ro\/index.php\/2025\/04\/03\/americanii-speriati-ca-nu-vor-mai-vinde-arme-in-europa-presedintele-trump-a-anuntat-in-mod-clar-ca-sustine-nato\/"},"modified":"2025-04-03T14:45:28","modified_gmt":"2025-04-03T14:45:28","slug":"americanii-speriati-ca-nu-vor-mai-vinde-arme-in-europa-presedintele-trump-a-anuntat-in-mod-clar-ca-sustine-nato","status":"publish","type":"post","link":"https:\/\/247stiri.ro\/index.php\/2025\/04\/03\/americanii-speriati-ca-nu-vor-mai-vinde-arme-in-europa-presedintele-trump-a-anuntat-in-mod-clar-ca-sustine-nato\/","title":{"rendered":"Americanii, speria\u021bi c\u0103 nu vor mai vinde arme \u00een Europa: \u201ePre\u015fedintele Trump a anun\u021bat \u00een mod clar c\u0103 sus\u0163ine NATO!\u201d"},"content":{"rendered":"<p>Secretarul de Stat american Marco Rubio le ofer\u0103 asigur\u0103ri joi, 3 aprilie, statelor europene membre ale NATO, c\u0103 SUA nu inten\u021bioneaz\u0103 s\u0103 ias\u0103 din Alian\u021b\u0103.<\/p>\n<p>Dar confirm\u0103 c\u0103 SUA lui Donald Trump se a\u015fteapt\u0103 de-acum ca ele s\u0103-\u015fi pl\u0103teasc\u0103 cotiza\u0163iile. Mesajul a venit \u00een contextul \u00een care statele UE par preg\u0103tite s\u0103 renun\u021be la cump\u0103rarea de echipament militar american \u00een favoarea celui european.\u201dPre\u015fedintele Trump a anun\u021bat \u00een mod clar c\u0103 sus\u0163ine NATO. Vom r\u0103m\u00e2ne \u00een NATO\u201d, a subliniat el la sosirea sa la Bruxelles, cu ocazia unei reuniuni ministeriale a mini\u0219trilor Afacerilor Externe ai Alian\u0163ei, \u00een momentul \u00een care o mare parte a Europei este \u00eengrijorat\u0103 de un eventual dezangajament american.<\/p>\n<p>\u201dStatele Unite sunt mai active \u00een NATO dec\u00e2t au fost vreodat\u0103. O parte a isteriei \u015fi hiperbolei pe care o v\u0103d \u00een presa mondial\u0103 \u015fi \u00een anumite publica\u0163ii na\u0163ionale din Statele Unite cu privire la NATO nu este justificat\u0103\u201d, a declarat Rubio.Alia\u0163ii Statelor Unite au fost brusca\u0163i de la \u00eentoarcerea miliardarului republican la Casa Alb\u0103 la 20 ianuarie. Canada este amenin\u021bat\u0103 cu anexarea de c\u0103tre Statele Unite, dar \u015fi Groenlanda, un teritoriu autonom al Danemarcei. Iar oficialii americani nu se feresc s\u0103 denun\u0163e \u00eentre ei, a\u015fa cum au dezv\u0103luit conversa\u0163iile lor pe mesageria Signal, ni\u015fte europeni \u201eprofitori\u201d, pasageri clandestini ai unei Alian\u0163e \u00een care nu-\u015fi pl\u0103tesc cotiza\u0163iile.\u201eDeclara\u021bii dure\u201d\u201d\u015etiu c\u0103 au existat declara\u0163ii dure. \u015etiu c\u0103 unii alia\u0163i, de aceast\u0103 parte a Atlanticului, de exemplu, sunt \u00eengrijora\u0163i de angajamentul pe termen lung al Statelor Unite \u00een NATO\u201d, a recunoscut miercuri, \u00een fa\u0163a presei, secretarul general al NATO Mark Rutte, care ap\u0103r\u0103 ne\u00eencetat unitatea alian\u0163ei.Statele Unite nu prev\u0103d s\u0103 se retrag\u0103 \u201dbrusc\u201d de pe continentul european \u015fi r\u0103m\u00e2n total angajate \u00een cadrul Alian\u0163ei Nord-Atlantice, a dat el asigur\u0103ri joi.<\/p>\n<p>Al\u0103turi de Marco Rubio, Mark Rutte a l\u0103udat eforturile europenilor \u00een privin\u0163a cheltuielilor militare.\u201dDac\u0103 lu\u0103m \u00een considerare sutele de miliarde de euro care au fost pl\u0103tite \u00een ultimele dou\u0103 luni, este vorba probabil despre cea mai important\u0103 cre\u015ftere a cheltuielilor ap\u0103r\u0103rii pe care am cunoscut-o \u00een Canada \u015fi Europa de la R\u0103zboiul Rece, de la c\u0103derea Zidului Berlinului\u201d, a dat el asigur\u0103ri \u00een prezen\u0163a secretarului de Stat american.<\/p>\n<p>\u00cens\u0103 Marco Rubio nu a comentat ceea ce Mark Rutte a catalogat o \u201dveste bun\u0103\u201d ci a reiterat cerin\u0163a american\u0103 a unor cheltuieli sporite \u00een domeniul ap\u0103r\u0103rii.\u201dVrem, deci, s\u0103 plec\u0103m de aici \u015ftiind c\u0103 suntem pe calea cea bun\u0103, o cale realist\u0103, pentru ca fiecare dintre membri s\u0103 se angajeze \u015fi s\u0103-\u015fi \u00eendeplineasc\u0103 promisiunea de a atinge 5% la cheltuieli\u201d \u00een domeniul ap\u0103r\u0103rii din Produsul Intern Brut (PIB), a declarat el.El a subliniat c\u0103 aceast\u0103 cerin\u0163\u0103 prive\u015fte cele 32 de state membre ale NATO &#8211; inclusiv Statele Unite -, \u00een contextul \u00een care Washingtonul aloc\u0103 \u00een prezent 3,4% din PIB cheltuielilor militare.Angajamentul european este \u00eens\u0103 mai mic, cu excep\u0163ia Poloniei, care aloc\u0103 4,7% din PIB ap\u0103r\u0103rii.\u00cens\u0103 Italia sau Spania aloc\u0103 mai pu\u0163in de 2% din PIB.Mark Rutte urmeaz\u0103 s\u0103 propun\u0103 \u00een jur de 3,5% din PIB, \u00eens\u0103 nicio decizie nu este a\u015fteptat\u0103 joi sau vineri.<\/p>\n<p>Ea va fi \u00eens\u0103 principala miz\u0103 a summitului de la Haga, prev\u0103zut \u00een iunie, \u00een prezen\u0163a lui Donald Trump.Apropierea spectaculoas\u0103 a Washingtonului de Moscova \u00eei \u00eengrijoreaz\u0103 pe alia\u0163ii europeni ai Kievului.Ads\u201dExist\u0103 un sentiment de indispozi\u0163ie\u201d \u00een Europa \u00een urma acestor prime negocieri ale Statelor Unite cu Rusia \u015fi Ucraina, potrivit unui diplomat.Europa se teme de \u00eencheierea unui acord pe la spatele Ucrainei \u015fi contrar intereselor sale \u00een domeniul securit\u0103\u0163ii continentului \u015fi inclusiv contrare intereselor NATO.Mini\u015ftrii NATO urmeaz\u0103 s\u0103 participe joi seara la o cin\u0103 de lucru cu colegul lor ucrainean Andrii S\u00eebiga, \u00een prezen\u0163a \u015fefei diploma\u0163iei europene Kaja Kallas.O \u201dCoali\u0163ie a Voluntarilor\u201d este alc\u0103tuit\u0103 din \u0163\u0103ri preg\u0103tite s\u0103 ofere garan\u0163ii de securitate Ucrainei, inclusiv prin intermediul unor trupe terestre.<\/p>\n<p>Aceast\u0103 coali\u0163ie, condus\u0103 de c\u0103tre Fran\u0163a \u015fi Regatul Unit, urmeaz\u0103 s\u0103 se reuneasc\u0103 s\u0103pt\u0103m\u00e2na viitoare la Bruxelles la nivel de mini\u015ftri ai Ap\u0103r\u0103rii.<\/p>","protected":false},"excerpt":{"rendered":"<p>Secretarul de Stat american Marco Rubio le ofer\u0103 asigur\u0103ri joi, 3 aprilie, statelor europene membre&hellip;<\/p>\n","protected":false},"author":0,"featured_media":44800,"comment_status":"open","ping_status":"open","sticky":false,"template":"","format":"standard","meta":{"footnotes":""},"categories":[2],"tags":[],"class_list":["post-44807","post","type-post","status-publish","format-standard","has-post-thumbnail","hentry","category-actual"],"_links":{"self":[{"href":"https:\/\/247stiri.ro\/index.php\/wp-json\/wp\/v2\/posts\/44807","targetHints":{"allow":["GET"]}}],"collection":[{"href":"https:\/\/247stiri.ro\/index.php\/wp-json\/wp\/v2\/posts"}],"about":[{"href":"https:\/\/247stiri.ro\/index.php\/wp-json\/wp\/v2\/types\/post"}],"replies":[{"embeddable":true,"href":"https:\/\/247stiri.ro\/index.php\/wp-json\/wp\/v2\/comments?post=44807"}],"version-history":[{"count":0,"href":"https:\/\/247stiri.ro\/index.php\/wp-json\/wp\/v2\/posts\/44807\/revisions"}],"wp:featuredmedia":[{"embeddable":true,"href":"https:\/\/247stiri.ro\/index.php\/wp-json\/wp\/v2\/media\/44800"}],"wp:attachment":[{"href":"https:\/\/247stiri.ro\/index.php\/wp-json\/wp\/v2\/media?parent=44807"}],"wp:term":[{"taxonomy":"category","embeddable":true,"href":"https:\/\/247stiri.ro\/index.php\/wp-json\/wp\/v2\/categories?post=44807"},{"taxonomy":"post_tag","embeddable":true,"href":"https:\/\/247stiri.ro\/index.php\/wp-json\/wp\/v2\/tags?post=44807"}],"curies":[{"name":"wp","href":"https:\/\/api.w.org\/{rel}","templated":true}]}}