{"id":44815,"date":"2025-04-03T15:45:18","date_gmt":"2025-04-03T15:45:18","guid":{"rendered":"https:\/\/247stiri.ro\/index.php\/2025\/04\/03\/mai-8-jandarmi-si-3-politisti-printre-angajatii-care-si-au-luat-concediu-de-crestere-a-copilului-pentru-a-lucra-ca-mercenari-in-congo\/"},"modified":"2025-04-03T15:45:18","modified_gmt":"2025-04-03T15:45:18","slug":"mai-8-jandarmi-si-3-politisti-printre-angajatii-care-si-au-luat-concediu-de-crestere-a-copilului-pentru-a-lucra-ca-mercenari-in-congo","status":"publish","type":"post","link":"https:\/\/247stiri.ro\/index.php\/2025\/04\/03\/mai-8-jandarmi-si-3-politisti-printre-angajatii-care-si-au-luat-concediu-de-crestere-a-copilului-pentru-a-lucra-ca-mercenari-in-congo\/","title":{"rendered":"MAI: 8 jandarmi \u0219i 3 poli\u021bi\u0219ti, printre angaja\u021bii care \u0219i-au luat concediu de cre\u0219tere a copilului pentru a lucra ca mercenari \u00een Congo"},"content":{"rendered":"<p>\u201eRezultatele respective pentru noi sunt foarte importante pentru c\u0103, \u00een func\u021bie de constat\u0103ri, se dispun anumite m\u0103suri legale. Vorbim aici de anumite situa\u021bii care vin \u00een zona de r\u0103spundere penal\u0103 \u0219i de aceea \u00een asemenea situa\u021bii noi vom face sesiz\u0103ri. Am \u0219i f\u0103cut asemenea sesiz\u0103ri c\u0103tre organele de parchet. Dac\u0103 ieri era un anumit num\u0103r de sesiz\u0103ri, ast\u0103zi v\u0103 pot confirma c\u0103 de la nivelul structurilor MAI au fost realizate trei sesiz\u0103ri cu privire la trei cadre care, \u00een afara serviciului, \u00een timpul lor liber, concediu, au desf\u0103\u0219urat asemenea activit\u0103\u021bi\u201d, a declarat subsecretarul de stat despre poli\u021bi\u0219tii \u0219i jandarmii care au lucrat ca mercenari \u00een Congo.\u00a0<\/p>\n<p>El a spus c\u0103 este vorba despre 11 persoane, respectiv trei poli\u021bi\u0219ti \u0219i opt jandarmi.\u00a0<\/p>\n<p>\u201eLa finalul acestei activit\u0103\u021bi de verificare, \u00een func\u021bie de constat\u0103ri, cu siguran\u021b\u0103 vor fi dispuse, dac\u0103 se impun, \u0219i alte sesiz\u0103ri. Dac\u0103 nu, \u0219i alte m\u0103suri interne. Sunt opt jandarmi \u0219i trei poli\u021bi\u0219ti\u201d, a declarat Bogdan Despescu.<\/p>\n<p><a href=\"https:\/\/www.realitatea.net\/stiri\/actual\/mai-multi-militari-siau-luat-concediu-de-crestere-a-copilului-dar-au-plecat-sa-lupte-ca-mercenari-in-congo-mapn-a-dispus-verificari_67ed277100af9e1ced417482\" target=\"_blank\">Mai mul\u021bi militari \u0219i-au luat concediu de cre\u0219tere a copilului, dar au plecat s\u0103 lupte ca mercenari \u00een Congo. MApN a dispus verific\u0103ri<\/a><\/p>\n<p>Ministerul Ap\u0103r\u0103rii Na\u021bionale a anun\u021bat, miercuri, c\u0103 466 de militari rezervi\u0219ti care provin din cadrul institu\u021biei, au semnat, dup\u0103 trecerea \u00een rezerv\u0103, contracte cu companii de securitate care au activat \u00een Republica Democratic\u0103 Congo. Ei au trecut \u00een rezerv\u0103 la limita de v\u00e2rst\u0103, prin demisie sau din motive medicale.<\/p>\n<p>Al\u021bi \u0219apte militari \u00een activitate, care se aflau \u00een concediu de cre\u0219tere a copilului au desf\u0103\u0219urat, \u00een mod nejustificat, activit\u0103\u021bi \u00een Congo, conform verific\u0103rilor f\u0103cute de MApN.\u00a0<\/p>\n<p>\u201ePrin extinderea verific\u0103rilor \u0219i la alte forme de concediu care presupun suspendarea temporar\u0103 a raporturilor de munc\u0103 pentru personalul militar \u00een activitate, au fost identifica\u021bi \u0219apte militari \u00een activitate \u2013 doi subofi\u021beri \u0219i cinci solda\u021bi profesioni\u0219ti care, pe timpul concediului de cre\u0219tere a copilului \u00een v\u00e2rsta de p\u00e2n\u0103 la doi ani, ob\u021binut \u00een mod legal (\u2026) au desf\u0103\u0219urat, \u00een mod nejustificat, activit\u0103\u021bi \u00een R.D. Congo, \u00een perioade diferite, \u00een intervalul 2023 \u2013 \u00eenceputul anului 2025, din calitatea de angajat temporar \u00een companii de securitate\u201d, a anun\u021bat miercuri institu\u021bia.<\/p>","protected":false},"excerpt":{"rendered":"<p>\u201eRezultatele respective pentru noi sunt foarte importante pentru c\u0103, \u00een func\u021bie de constat\u0103ri, se dispun&hellip;<\/p>\n","protected":false},"author":0,"featured_media":44816,"comment_status":"open","ping_status":"open","sticky":false,"template":"","format":"standard","meta":{"footnotes":""},"categories":[2],"tags":[],"class_list":["post-44815","post","type-post","status-publish","format-standard","has-post-thumbnail","hentry","category-actual"],"_links":{"self":[{"href":"https:\/\/247stiri.ro\/index.php\/wp-json\/wp\/v2\/posts\/44815","targetHints":{"allow":["GET"]}}],"collection":[{"href":"https:\/\/247stiri.ro\/index.php\/wp-json\/wp\/v2\/posts"}],"about":[{"href":"https:\/\/247stiri.ro\/index.php\/wp-json\/wp\/v2\/types\/post"}],"replies":[{"embeddable":true,"href":"https:\/\/247stiri.ro\/index.php\/wp-json\/wp\/v2\/comments?post=44815"}],"version-history":[{"count":0,"href":"https:\/\/247stiri.ro\/index.php\/wp-json\/wp\/v2\/posts\/44815\/revisions"}],"wp:featuredmedia":[{"embeddable":true,"href":"https:\/\/247stiri.ro\/index.php\/wp-json\/wp\/v2\/media\/44816"}],"wp:attachment":[{"href":"https:\/\/247stiri.ro\/index.php\/wp-json\/wp\/v2\/media?parent=44815"}],"wp:term":[{"taxonomy":"category","embeddable":true,"href":"https:\/\/247stiri.ro\/index.php\/wp-json\/wp\/v2\/categories?post=44815"},{"taxonomy":"post_tag","embeddable":true,"href":"https:\/\/247stiri.ro\/index.php\/wp-json\/wp\/v2\/tags?post=44815"}],"curies":[{"name":"wp","href":"https:\/\/api.w.org\/{rel}","templated":true}]}}