{"id":44821,"date":"2025-04-03T16:46:48","date_gmt":"2025-04-03T16:46:48","guid":{"rendered":"https:\/\/247stiri.ro\/index.php\/2025\/04\/03\/marius-tuca-arunca-bomba-cine-sta-in-spatele-campaniei-lui-nicusor-dan\/"},"modified":"2025-04-03T16:46:48","modified_gmt":"2025-04-03T16:46:48","slug":"marius-tuca-arunca-bomba-cine-sta-in-spatele-campaniei-lui-nicusor-dan","status":"publish","type":"post","link":"https:\/\/247stiri.ro\/index.php\/2025\/04\/03\/marius-tuca-arunca-bomba-cine-sta-in-spatele-campaniei-lui-nicusor-dan\/","title":{"rendered":"Marius Tuc\u0103 arunc\u0103 bomba: cine st\u0103 \u00een spatele campaniei lui Nicu\u0219or Dan"},"content":{"rendered":"<p>&#8222;Nicu\u0219or Dan este alesul. Noi trebuie s\u0103 ne supunem \u0219i s\u0103-l alegem cu to\u021bii pre\u0219edinte. Lucrurile sunt clare. Uita\u021bi-v\u0103 la acea mas\u0103 lung\u0103, nu rotund\u0103 pe care a organizat-o Bolojan, acest pre\u0219edinte interimar care d\u0103 impresia la cum se poart\u0103, cred c\u0103 a luat de la \u0103sta, Macron, b\u0103\u021bo\u0219enia asta. Vezi cum merge Macron, se crede \u00eentruchiparea lui Macron. Bolojan credc c\u0103 a luat de la Macron asta \u0219i se crede pre\u0219edinte ales pe via\u021b\u0103.A organizat o mas\u0103, el cu ong-uri \u0219i a\u0219a mai departe. To\u021bi cei de acolo, a remarcat foarte bine Ion Cristoiu, sunt oamenii lui Nicu\u0219or. I-au chemat pe cei care \u00eei fac campanie lui Nicu\u0219or s\u0103 ne spun\u0103 cum trebuie s\u0103 post\u0103m, ce s\u0103 post\u0103m, cum s\u0103 scriem, ce trebuie s\u0103 d\u0103m pe televiziune&#8221;, a declarat Marius Tuc\u0103.\u00a0<\/p>","protected":false},"excerpt":{"rendered":"<p>&#8222;Nicu\u0219or Dan este alesul. Noi trebuie s\u0103 ne supunem \u0219i s\u0103-l alegem cu to\u021bii pre\u0219edinte.&hellip;<\/p>\n","protected":false},"author":0,"featured_media":44822,"comment_status":"open","ping_status":"open","sticky":false,"template":"","format":"standard","meta":{"footnotes":""},"categories":[3],"tags":[],"class_list":["post-44821","post","type-post","status-publish","format-standard","has-post-thumbnail","hentry","category-politica"],"_links":{"self":[{"href":"https:\/\/247stiri.ro\/index.php\/wp-json\/wp\/v2\/posts\/44821","targetHints":{"allow":["GET"]}}],"collection":[{"href":"https:\/\/247stiri.ro\/index.php\/wp-json\/wp\/v2\/posts"}],"about":[{"href":"https:\/\/247stiri.ro\/index.php\/wp-json\/wp\/v2\/types\/post"}],"replies":[{"embeddable":true,"href":"https:\/\/247stiri.ro\/index.php\/wp-json\/wp\/v2\/comments?post=44821"}],"version-history":[{"count":0,"href":"https:\/\/247stiri.ro\/index.php\/wp-json\/wp\/v2\/posts\/44821\/revisions"}],"wp:featuredmedia":[{"embeddable":true,"href":"https:\/\/247stiri.ro\/index.php\/wp-json\/wp\/v2\/media\/44822"}],"wp:attachment":[{"href":"https:\/\/247stiri.ro\/index.php\/wp-json\/wp\/v2\/media?parent=44821"}],"wp:term":[{"taxonomy":"category","embeddable":true,"href":"https:\/\/247stiri.ro\/index.php\/wp-json\/wp\/v2\/categories?post=44821"},{"taxonomy":"post_tag","embeddable":true,"href":"https:\/\/247stiri.ro\/index.php\/wp-json\/wp\/v2\/tags?post=44821"}],"curies":[{"name":"wp","href":"https:\/\/api.w.org\/{rel}","templated":true}]}}