{"id":44826,"date":"2025-04-03T17:45:17","date_gmt":"2025-04-03T17:45:17","guid":{"rendered":"https:\/\/247stiri.ro\/index.php\/2025\/04\/03\/george-simion-dupa-anuntarea-noilor-tarife-de-catre-sua-decizia-nu-trebuie-tratata-cu-aroganta-sau-replici-pripite-ce-spune-despre-raspunsul-liderilor-europeni\/"},"modified":"2025-04-03T17:45:17","modified_gmt":"2025-04-03T17:45:17","slug":"george-simion-dupa-anuntarea-noilor-tarife-de-catre-sua-decizia-nu-trebuie-tratata-cu-aroganta-sau-replici-pripite-ce-spune-despre-raspunsul-liderilor-europeni","status":"publish","type":"post","link":"https:\/\/247stiri.ro\/index.php\/2025\/04\/03\/george-simion-dupa-anuntarea-noilor-tarife-de-catre-sua-decizia-nu-trebuie-tratata-cu-aroganta-sau-replici-pripite-ce-spune-despre-raspunsul-liderilor-europeni\/","title":{"rendered":"George Simion, dup\u0103 anun\u021barea noilor tarife de c\u0103tre SUA: Decizia nu trebuie tratat\u0103 cu arogan\u0163\u0103 sau replici pripite. Ce spune despre r\u0103spunsul liderilor europeni"},"content":{"rendered":"<p>Liderul AUR, George Simion, afirm\u0103, joi, c\u0103 \u201ddup\u0103 al Doilea R\u0103zboi Mondial, America a reconstruit lumea liber\u0103\u201d.<\/p>\n<p>\u201dA deschis propria pia\u0163\u0103, a oferit sprijin financiar, a acceptat dezechilibre comerciale uria\u015fe doar pentru a asigura redresarea economic\u0103 a \u0163\u0103rilor devastate de conflict. Acest model a func\u0163ionat. Dar, \u00een ultimele dou\u0103 decenii, decalajele de dezvoltare \u00eentre Europa \u015fi SUA s-au estompat, iar vechile \u00een\u0163elegeri comerciale au r\u0103mas \u00eencremenite \u00een timp, aliment\u00e2nd o frustrare legitim\u0103 \u00een r\u00e2ndul societ\u0103\u0163ii \u015fi al industriei americane. Ast\u0103zi, America \u2013 condus\u0103 de o administra\u0163ie curajoas\u0103 \u015fi hot\u0103r\u00e2t\u0103 s\u0103 redea demnitatea economic\u0103 poporului s\u0103u \u2013 cere echilibru. Cere tratament corect. Cere reciprocitate\u201d, a afirmat Simion.<\/p>\n<p><a href=\"https:\/\/www.realitatea.net\/stiri\/actual\/romania-va-fi-direct-afectata-de-noile-tarife-impuse-de-trump-un-europarlamentar-roman-vorbeste-despre-o-cruciada-economica_67ee3bc4d3e96337f168ce32#google_vignette\" target=\"_blank\">Rom\u00e2nia va fi DIRECT afectat\u0103 de noile tarife impuse de Trump. Un europarlamentar rom\u00e2n vorbe\u0219te despre o &#8222;cruciad\u0103 economic\u0103&#8221;<\/a><\/p>\n<p>Potrivit acestuia, \u201dr\u0103spunsul liderilor europeni este, din p\u0103cate, unul arogant \u015fi conflictual\u201d<\/p>\n<p>\u201d\u00cen loc s\u0103 ne a\u015fez\u0103m la masa dialogului \u015fi s\u0103 \u00een\u0163elegem ra\u0163iunile acestei decizii, Bruxellesul viseaz\u0103 la r\u0103zbun\u0103ri tarifare, r\u0103zboaie comerciale \u015fi mai mult\u0103 reglementare. Este o gre\u015feal\u0103 grav\u0103. Uniunea European\u0103 nu poate rezista economic f\u0103r\u0103 parteneriatul strategic cu Statele Unite ale Americii. Ne place sau nu, cre\u015fterea noastr\u0103 economic\u0103, stabilitatea noastr\u0103 geopolitic\u0103 \u015fi chiar pacea de pe continent se sprijin\u0103 pe acest parteneriat. S\u0103 distrugi aceast\u0103 punte prin orgolii \u015fi replici dure \u00eenseamn\u0103 s\u0103 sabotezi viitorul Europei\u201d, a mai transmis candidatul AUR la alegerile preziden\u0163iale.<\/p>\n<p>Simion afirm\u0103 c\u0103 sus\u0163ine dialogul cu Statele Unite, nu confruntarea.<\/p>\n<p>\u201dCredem c\u0103 Europa trebuie s\u0103-\u015fi reg\u00e2ndeasc\u0103 abordarea: mai pu\u0163in\u0103 supra-reglementare, mai pu\u0163ine taxe pe tot ce mi\u015fc\u0103, mai pu\u0163in\u0103 ideologie \u015fi mai mult\u0103 bun\u0103-credin\u0163\u0103 economic\u0103. Dac\u0103 vom \u00een\u0163elege America, vom merge mai departe. Dac\u0103 o vom sfida, ne vom trezi singuri \u015fi falimenta\u0163i \u00eentr-o lume care nu mai are r\u0103bdare cu experimentele birocratice de la Bruxelles\u201d, a mai declarat liderul AUR.<\/p>\n<p>Potrivit acestuia, este timpul ca Rom\u00e2nia s\u0103 devina vocea ra\u0163iunii \u00een Uniunea European\u0103.<\/p>\n<p>\u201dS\u0103 spunem r\u0103spicat: noi vrem s\u0103 cooper\u0103m cu SUA, nu s\u0103 o provoc\u0103m. \u015ei dac\u0103 liderii de la Bruxelles refuz\u0103 s\u0103 \u00een\u0163eleag\u0103 acest mesaj, atunci e clar c\u0103 Europa are nevoie de o resetare profund\u0103\u201d, a mai transmis Simion.<\/p>\n<p>Acesta crede c\u0103 \u201dUniunea European\u0103 ar trebui s\u0103 se uite atent \u00een oglind\u0103 \u015fi s\u0103 \u00een\u0163eleag\u0103 c\u0103 problema real\u0103 nu sunt tarifele americane, ci propriile politici absurde\u201d.<\/p>\n<p>\u201dPutem compensa sc\u0103derea temporar\u0103 de competitivitate pe pia\u0163a american\u0103 printr-un gest simplu \u015fi logic: s\u0103 renun\u0163\u0103m la supra-reglementare sufocant\u0103 \u015fi la utopiile verzi impuse prin Green Deal. Aceste politici nu doar c\u0103 ruineaz\u0103 industria european\u0103, dar ne transform\u0103 dependen\u0163i de importuri \u015fi ne saboteaz\u0103 propriile economii. Europa are nevoie de pragmatism, nu de birocra\u0163ie ideologic\u0103. \u015ei are nevoie, mai mult ca niciodat\u0103, de America \u2013 nu de un conflict cu Statele Unite. Viitorul apar\u0163ine suverani\u015ftilor, al celor care pun na\u0163iunea, familia \u015fi libertatea economic\u0103 mai presus de ideologie. Rom\u00e2nia va merge pe acest drum\u201d, a mai spus liderul AUR.<\/p>","protected":false},"excerpt":{"rendered":"<p>Liderul AUR, George Simion, afirm\u0103, joi, c\u0103 \u201ddup\u0103 al Doilea R\u0103zboi Mondial, America a reconstruit&hellip;<\/p>\n","protected":false},"author":0,"featured_media":44827,"comment_status":"open","ping_status":"open","sticky":false,"template":"","format":"standard","meta":{"footnotes":""},"categories":[3],"tags":[],"class_list":["post-44826","post","type-post","status-publish","format-standard","has-post-thumbnail","hentry","category-politica"],"_links":{"self":[{"href":"https:\/\/247stiri.ro\/index.php\/wp-json\/wp\/v2\/posts\/44826","targetHints":{"allow":["GET"]}}],"collection":[{"href":"https:\/\/247stiri.ro\/index.php\/wp-json\/wp\/v2\/posts"}],"about":[{"href":"https:\/\/247stiri.ro\/index.php\/wp-json\/wp\/v2\/types\/post"}],"replies":[{"embeddable":true,"href":"https:\/\/247stiri.ro\/index.php\/wp-json\/wp\/v2\/comments?post=44826"}],"version-history":[{"count":0,"href":"https:\/\/247stiri.ro\/index.php\/wp-json\/wp\/v2\/posts\/44826\/revisions"}],"wp:featuredmedia":[{"embeddable":true,"href":"https:\/\/247stiri.ro\/index.php\/wp-json\/wp\/v2\/media\/44827"}],"wp:attachment":[{"href":"https:\/\/247stiri.ro\/index.php\/wp-json\/wp\/v2\/media?parent=44826"}],"wp:term":[{"taxonomy":"category","embeddable":true,"href":"https:\/\/247stiri.ro\/index.php\/wp-json\/wp\/v2\/categories?post=44826"},{"taxonomy":"post_tag","embeddable":true,"href":"https:\/\/247stiri.ro\/index.php\/wp-json\/wp\/v2\/tags?post=44826"}],"curies":[{"name":"wp","href":"https:\/\/api.w.org\/{rel}","templated":true}]}}