{"id":44831,"date":"2025-04-03T17:45:20","date_gmt":"2025-04-03T17:45:20","guid":{"rendered":"https:\/\/247stiri.ro\/index.php\/2025\/04\/03\/anpc-vrea-placute-cu-pretul-calatoriei-in-sistem-braille-in-interiorul-mijloacelor-de-transport\/"},"modified":"2025-04-03T17:45:20","modified_gmt":"2025-04-03T17:45:20","slug":"anpc-vrea-placute-cu-pretul-calatoriei-in-sistem-braille-in-interiorul-mijloacelor-de-transport","status":"publish","type":"post","link":"https:\/\/247stiri.ro\/index.php\/2025\/04\/03\/anpc-vrea-placute-cu-pretul-calatoriei-in-sistem-braille-in-interiorul-mijloacelor-de-transport\/","title":{"rendered":"ANPC vrea pl\u0103cu\u021be cu pre\u021bul c\u0103l\u0103toriei, \u00een sistem braille, \u00een interiorul mijloacelor de transport"},"content":{"rendered":"<p>Conform unui comunicat al ANPC, Ordinul vizeaz\u0103 informarea consumatorilor ce se \u00eencadreaz\u0103 \u00een categoria persoanelor cu dizabilit\u0103\u021bi, de c\u0103tre operatorii economici, \u00een leg\u0103tur\u0103 cu accesul la servicii de transport public de persoane \u0219i respectiv \u00een cl\u0103dirile de\u021binute de c\u0103tre ace\u0219tia.<\/p>\n<p>&#8222;Acest ordin asigur\u0103 o mai bun\u0103 informare cu privire la aspectul referitor la costurile aferente c\u0103l\u0103toriilor efectuate cu mijloacele de transport urbane. Operatorii economici sunt obliga\u021bi a men\u021biona, \u00een mod clar, precis \u0219i neechivoc, pentru fiecare dintre beneficiarii transportului \u00een comun, aspectele esen\u021biale referitoare la costurile aferente, astfel \u00eenc\u00e2t ace\u0219tia s\u0103 poat\u0103 fi corect informa\u021bi cu privire la bugetul personal pe care trebuie s\u0103 \u00eel aloce cheltuielilor cu transportul. Prin urmare, operatorii economici din domeniul transportului public trebuie s\u0103 se asigure c\u0103 \u00een interiorul mijloacelor de transport exist\u0103 pl\u0103cu\u021be cu afi\u0219area pre\u021bului per c\u0103l\u0103torie, mesajul fiind transmis \u00een sistem braille&#8221;, se men\u021bioneaz\u0103 \u00een comunicat.<\/p>\n<p>De asemenea, tot joi, ANPC a trimis spre publicare \u00een Monitorul Oficial Ordinul privind informarea consumatorilor la comercializarea, produselor care con\u021bin tutun sau substan\u021be asociate.<\/p>\n<p>Acesta asigur\u0103 o mai bun\u0103 informare a consumatorilor din Rom\u00e2nia cu privire la drepturile pe care le au la momentul achizi\u021bion\u0103rii din interiorul magazinelor, dar \u0219i a chio\u0219curilor a produselor care con\u021bin tutun, a \u021bigaretelor electronice, a flacoanelor de reumplere pentru \u021bigaretele electronice, a dispozitivelor electronice pentru \u00eenc\u0103lzirea tutunului \u0219i a produselor destinate inhal\u0103rii f\u0103r\u0103 ardere din \u00eenlocuitori de tutun, a (pouch-urilor) plicule\u021belor cu nicotin\u0103 pentru uz oral \u0219i a produselor destinate inhal\u0103rii f\u0103r\u0103 ardere din \u00eenlocuitori de tutun, a\u0219a cum sunt acestea definite \u00een cuprinsul Legii nr. 349\/2002.<\/p>\n<p>&#8222;Conform Legii nr. 349\/2002 privind prevenirea \u0219i combaterea efectelor consumului produselor din tutun, este strict interzis\u0103 v\u00e2nzarea produselor din tutun persoanelor sub 18 ani. Aceast\u0103 reglementare urm\u0103re\u0219te protejarea s\u0103n\u0103t\u0103\u021bii publice \u0219i, \u00een special, a tinerilor, care sunt vulnerabili la efectele negative ale consumului de tutun. Studiile arat\u0103 c\u0103 expunerea timpurie la produsele din tutun cre\u0219te riscul de dependen\u021b\u0103 \u0219i afec\u021biuni grave pe termen lung, cum ar fi bolile cardiovasculare, cancerul pulmonar \u0219i alte afec\u021biuni respiratorii. Comer\u021bul trebuie s\u0103 asigure respectarea cadrului legal \u0219i s\u0103 contribuie activ la prevenirea accesului tinerilor la produse nocive, asum\u00e2nd un rol important \u00een protec\u021bia genera\u021biilor viitoare. \u00cen conformitate cu legisla\u021bia \u00een vigoare, magazinele pot fi sanc\u021bionate pentru v\u00e2nzarea de produse din tutun minorilor. Obligativitatea afi\u0219\u0103rii unui mesaj vizibil reprezint\u0103 o m\u0103sur\u0103 de conformare \u0219i responsabilitate legal\u0103, conform ordinului ce face obiectul public\u0103rii. Operatorii economici au obliga\u021bia s\u0103 afi\u0219eze placheta informativ\u0103 prev\u0103zut\u0103 \u00een anexa ordinului&#8221;, se precizeaz\u0103 \u00een comunicat.<\/p>\n<p>De asemenea, ordinul prevede obliga\u021bia operatorilor economici de a de\u021bine \u00een mod obligatoriu \u0219i variante dedicate persoanelor nev\u0103z\u0103toare sau cu deficien\u021be de vedere fie audio, fie prin utilizarea oric\u0103ror mijloace fizice ori digitale specifice. Vizibilitatea mesajului poate reduce num\u0103rul de tentative de cump\u0103rare a produselor din tutun de c\u0103tre minori, contribuind la un mediu comercial mai responsabil.<\/p>\n<p>Afi\u0219area mesajului de interdic\u021bie privind v\u00e2nzarea produselor din tutun minorilor este o m\u0103sur\u0103 esen\u021bial\u0103 pentru respectarea legii, protejarea s\u0103n\u0103t\u0103\u021bii publice \u0219i responsabilizarea magazinului.<\/p>\n<p>Ordinul intr\u0103 \u00een vigoare \u00een termen de 30 de zile de la data public\u0103rii \u00een Monitorul Oficial.<\/p>\n<p>&#8222;Cele dou\u0103 Ordine ale pre\u0219edintelui ANPC au fost adoptate cu respectarea procedurii de notificare prev\u0103zute de Directiva (UE) 2015\/1.535 a Parlamentului European \u0219i a Consiliului din 9 septembrie 2015 referitoare la procedura de furnizare de informa\u021bii \u00een domeniul reglement\u0103rilor tehnice \u0219i al normelor privind serviciile societ\u0103\u021bii informa\u021bionale, transpus\u0103 \u00een legisla\u021bia rom\u00e2n\u0103 prin Hot\u0103r\u00e2rea Guvernului nr. 1.016\/2004 privind m\u0103surile pentru organizarea \u0219i realizarea schimbului de informa\u021bii \u00een domeniul standardelor \u0219i reglement\u0103rilor tehnice, precum \u0219i al regulilor referitoare la serviciile societ\u0103\u021bii informa\u021bionale \u00eentre Rom\u00e2nia \u0219i statele membre ale Uniunii Europene, precum \u0219i Comisia European\u0103, cu modific\u0103rile \u0219i complet\u0103rile ulterioare&#8221;, mai arat\u0103 sursa citat\u0103.\u00a0<\/p>","protected":false},"excerpt":{"rendered":"<p>Conform unui comunicat al ANPC, Ordinul vizeaz\u0103 informarea consumatorilor ce se \u00eencadreaz\u0103 \u00een categoria persoanelor&hellip;<\/p>\n","protected":false},"author":0,"featured_media":44832,"comment_status":"open","ping_status":"open","sticky":false,"template":"","format":"standard","meta":{"footnotes":""},"categories":[2],"tags":[],"class_list":["post-44831","post","type-post","status-publish","format-standard","has-post-thumbnail","hentry","category-actual"],"_links":{"self":[{"href":"https:\/\/247stiri.ro\/index.php\/wp-json\/wp\/v2\/posts\/44831","targetHints":{"allow":["GET"]}}],"collection":[{"href":"https:\/\/247stiri.ro\/index.php\/wp-json\/wp\/v2\/posts"}],"about":[{"href":"https:\/\/247stiri.ro\/index.php\/wp-json\/wp\/v2\/types\/post"}],"replies":[{"embeddable":true,"href":"https:\/\/247stiri.ro\/index.php\/wp-json\/wp\/v2\/comments?post=44831"}],"version-history":[{"count":0,"href":"https:\/\/247stiri.ro\/index.php\/wp-json\/wp\/v2\/posts\/44831\/revisions"}],"wp:featuredmedia":[{"embeddable":true,"href":"https:\/\/247stiri.ro\/index.php\/wp-json\/wp\/v2\/media\/44832"}],"wp:attachment":[{"href":"https:\/\/247stiri.ro\/index.php\/wp-json\/wp\/v2\/media?parent=44831"}],"wp:term":[{"taxonomy":"category","embeddable":true,"href":"https:\/\/247stiri.ro\/index.php\/wp-json\/wp\/v2\/categories?post=44831"},{"taxonomy":"post_tag","embeddable":true,"href":"https:\/\/247stiri.ro\/index.php\/wp-json\/wp\/v2\/tags?post=44831"}],"curies":[{"name":"wp","href":"https:\/\/api.w.org\/{rel}","templated":true}]}}