{"id":44834,"date":"2025-04-03T17:45:21","date_gmt":"2025-04-03T17:45:21","guid":{"rendered":"https:\/\/247stiri.ro\/index.php\/2025\/04\/03\/reforma-pensiilor-speciale-pusa-in-asteptare-cand-ar-putea-veni-guvernul-cu-solutii-concrete\/"},"modified":"2025-04-03T17:45:21","modified_gmt":"2025-04-03T17:45:21","slug":"reforma-pensiilor-speciale-pusa-in-asteptare-cand-ar-putea-veni-guvernul-cu-solutii-concrete","status":"publish","type":"post","link":"https:\/\/247stiri.ro\/index.php\/2025\/04\/03\/reforma-pensiilor-speciale-pusa-in-asteptare-cand-ar-putea-veni-guvernul-cu-solutii-concrete\/","title":{"rendered":"Reforma pensiilor speciale, pus\u0103 \u00een a\u0219teptare. C\u00e2nd ar putea veni Guvernul cu solu\u021bii concrete"},"content":{"rendered":"<p>Ministrul Finan\u0163elor, Tanczos Barna, a declarat joi, despre reforma pensiilor speciale, c\u0103 \u00een opinia sa, cu siguran\u0163\u0103 se poate rezolva aceast\u0103 reform\u0103 \u00een \u015fase luni, a\u015fa cum se cere \u00een PNRR.<\/p>\n<p>\u00a0<\/p>\n<p>Oficialul a precizat c\u0103 variantele de lucru ar putea fi \u015fi o prelungire sau cre\u015ftere a v\u00e2rstei de pensionare \u015fi se poate discuta, \u00een cazul reformei fiscale, de un alt sistem de impozitare.<\/p>\n<p>\u00a0<\/p>\n<p>Ministrul Finan\u0163elor a fost \u00eentrebat dup\u0103 \u015fedin\u0163a de Guvern dac\u0103 mai are timp Guvernul pentru a rezolva reforma pensiilor speciale, pentru a nu pierde banii prev\u0103zu\u0163i \u00een PNRR \u015fi c\u00e2\u0163i bani aloc\u0103 statul \u00een acest an pentru plata acestor privilegii.<\/p>\n<p>\u00a0<\/p>\n<p>\u201dCu siguran\u0163\u0103 se pot rezolva reformele, \u00een cele \u015fase luni, sau reforma, deci avem timp pentru a \u00eendeplini acea condi\u0163ie.<\/p>\n<p>\u00a0<\/p>\n<p>Privilegiile (&#8230;) sunt drepturi legale conferite de lege, deci nu a\u015f putea s\u0103 spun c\u0103 fiecare minister are privilegii bugetate, are pensii bugetate \u015fi Ministerul Ap\u0103r\u0103rii \u015fi Ministerul de Interne.<\/p>\n<p>\u00a0<\/p>\n<p>Acestele sume sunt prev\u0103zute \u015fi la celelalte ministere. Sper s\u0103 reu\u015fim s\u0103 \u00eendeplinim condi\u0163ia\u201d, a spus ministrul Finan\u0163elor Publice, conform News.ro.<\/p>\n<p>\u00a0<\/p>\n<p>El a precizat c\u0103 discut\u0103 cu ministrul Investi\u0163iilor, Marcel Bolo\u015f, variantele de lucru.<\/p>\n<p>\u00a0<\/p>\n<p>\u201dSe poate discuta \u015fi de o prelungire sau cre\u015ftere a v\u00e2rstei de pensionare, se poate discuta \u00een cazul reformei fiscale \u015fi de un alt sistem de impozitare. Lucrurile pot fi rezolvate \u00een termen util\u201d, a dat asigur\u0103ri Tanczos Barna.<\/p>\n<p>\u00a0<\/p>\n<p>Problema pensiilor speciale<\/p>\n<p>\u00a0<\/p>\n<p>Rom\u00e2nia urmeaz\u0103 s\u0103 primeasc\u0103 o plat\u0103 par\u0163ial\u0103 de aproximativ 1,3 miliarde euro, dup\u0103 ce Comisia European\u0103 a apreciat progresul substan\u0163ial realizat de autorit\u0103\u0163ile rom\u00e2ne \u00een ultimele luni pentru a corecta \u015fi clarifica jaloanele aferente Cererii de plat\u0103 num\u0103rul 3, considerate par\u0163ial \u00eendeplinite, informeaz\u0103 Ministerul Investi\u0163iilor \u015fi Proiectelor Europene (MIPE).<\/p>\n<p>\u00a0<\/p>\n<p>\u00cen acest sens, Executivul european a transmis, \u00een data de 25 martie 2025, c\u0103 Rom\u00e2nia urmeaz\u0103 s\u0103 primeasc\u0103 o plat\u0103 par\u0163ial\u0103 de aproximativ 1,3 miliarde euro. Aceast\u0103 decizie confirm\u0103 recunoa\u015fterea eforturilor depuse de Guvernul Rom\u00e2niei \u015fi marcheaz\u0103 un pas clar \u00een direc\u0163ia debloc\u0103rii integrale a cererii de plat\u0103 nr. 3 care are o valoare net\u0103 de 2,02 miliarde de euro, se arat\u0103 \u00eentr-un comunicat remis la 27 martie AGERPRES.<\/p>\n<p>\u00a0<\/p>\n<p>\u00cen continuare, Rom\u00e2nia are la dispozi\u0163ie un termen de o lun\u0103 pentru a transmite un r\u0103spuns oficial la scrisoarea Comisiei \u015fi un termen de \u015fase luni pentru implementarea tuturor m\u0103surilor necesare \u00een vederea debloc\u0103rii integrale a cererii de plat\u0103 \u015fi \u00eendeplinirea integral\u0103 a jaloanelor \u015fi \u0163intelor din cererea de plat\u0103 nr. 3.<\/p>\n<p>\u00a0<\/p>\n<p>&#8222;Este important de subliniat c\u0103 aceast\u0103 etap\u0103 procedural\u0103 nu presupune pierderea fondurilor aferente cererii de plat\u0103 nr. 3. Sumele r\u0103m\u00e2n \u00een continuare alocate Rom\u00e2niei, iar colaborarea cu Comisia European\u0103 are ca obiectiv finalizarea complet\u0103 a procesului de autorizare a pl\u0103\u0163ii&#8221;, precizeaz\u0103 MIPE.<\/p>\n<p>\u00a0<\/p>\n<p>\u00cen urma evalu\u0103rii \u00eendeplinirii \u0163intelor \u015fi jaloanelor incluse \u00een cererea de plat\u0103 nr. 3, Comisia European\u0103 a comunicat Rom\u00e2niei \u00een data de 15 octombrie 2024 faptul c\u0103 un num\u0103r de 68 de \u0163inte \u015fi jaloane au fost evaluate pozitiv \u015fi alte 6 jaloane au fost evaluate ca fiind par\u0163ial \u00eendeplinite. Ulterior, \u00een data de 8 noiembrie 2024, a adoptat avizul privind evaluarea preliminar\u0103.<\/p>\n<p>\u00a0<\/p>\n<p>Acest proces a fost suspendat ca urmare a modific\u0103rii cadrului legal privind pensiile speciale (jalonul 215), dup\u0103 cum urmeaz\u0103: adoptarea Legii nr. 223\/2015 privind pensiile militare de stat; decizia Cur\u0163ii Constitu\u0163ionale privind dispozi\u0163iile art. 101 din Legea nr. 227\/2015 privind Codul fiscal, prin care a fost declarata neconstitu\u0163ional\u0103 impozitarea progresiv\u0103 pentru anumite categorii de pensii speciale.<\/p>\n<p>\u00a0<\/p>\n<p>Ulterior Deciziei Cur\u0163ii Constitu\u0163ionale, Comisia European\u0103 a informat Rom\u00e2nia c\u0103 jalonul 215 nu mai poate fi considerat \u00eendeplinit \u00een mod satisf\u0103c\u0103tor, pe fondul problemelor de echitate \u00een stabilirea anumitor categorii de pensii speciale \u00een raport cu sistemul public general de pensii publice. Valoarea sumei suspendate p\u00e2n\u0103 la \u00eendeplinirea \u00een mod satisf\u0103c\u0103tor a jalonului este de 230 milioane euro.<\/p>\n<p>\u00a0<\/p>\n<p>Pe l\u00e2ng\u0103 acesta, mai r\u0103m\u00e2n \u00een analiz\u0103 \u015fi urm\u0103toarele elemente: \u00eembun\u0103t\u0103\u0163irea guvernan\u0163ei corporative a companiilor energetice de stat (valoare sum\u0103 suspendat\u0103 &#8211; aproximativ 300 milioane euro) \u015fi opera\u0163ionalizarea politicilor de guvernan\u0163\u0103 corporativ\u0103 pentru \u00eentreprinderile de stat \u015fi desemnarea unei conducerii la Agen\u0163ia Na\u0163ional\u0103 de Monitorizare \u015fi Evaluare a \u00centreprinderilor Publice &#8211; AMEPIP (valoare sum\u0103 suspendat\u0103 &#8211; aproximativ 400 milioane euro).<\/p>\n<p>\u00a0<\/p>\n<p>\u00cen aceast\u0103 perioad\u0103, Rom\u00e2nia a luat m\u0103suri suplimentare \u00een direc\u0163ia remedierii mai multor deficien\u0163e indicate de Comisia European\u0103 \u00een cadrul procesului de analiz\u0103 a cererii de plat\u0103 nr. 3. Astfel, \u00een ceea ce prive\u015fte guvernan\u0163a corporativ\u0103 \u00een domeniul companiilor de\u0163inute de stat, au fost ini\u0163iate demersuri pentru reluarea procedurii de selec\u0163ie a conducerii AMEPIP \u015fi actualizarea cadrului legal pentru facilitarea \u00eenlocuirii membrilor numi\u0163i \u00een consiliile de administra\u0163ie, \u00een special pentru companiile din sectorul transporturi \u015fi energie.<\/p>\n<p>\u00a0<\/p>\n<p>O alt\u0103 m\u0103sur\u0103 este modificarea regimului fiscal special aplicabil micro\u00eentreprinderilor, ca urmare a adopt\u0103rii de c\u0103tre Rom\u00e2nia a OUG nr. 156\/2024.<\/p>\n<p>\u00a0<\/p>\n<p>Referitor la jalonul 215, Ministerul Muncii, Familiei, Tineretului \u015fi Solidarit\u0103\u0163ii Sociale, \u00eempreun\u0103 cu reprezentan\u0163ii B\u0103ncii Mondiale, a identificat un mecanism nou, prin care s\u0103 fie \u00eenlocuit\u0103 supraimpozitarea progresiv\u0103 a p\u0103r\u0163ii necontributive a pensiei, care s\u0103 asigure acela\u015fi impact bugetar \u015fi care s\u0103 respecte criteriile din PNRR privind principiile contributivit\u0103\u0163ii \u015fi echit\u0103\u0163ii. Aceste m\u0103suri referitoare la jalonul 215 au contribuit la evitarea aplic\u0103rii unei suspend\u0103ri maxime aferent\u0103 ne\u00eendeplinirii acestei reforme.<\/p>\n<p>\u00a0<\/p>\n<p>&#8222;Ministerul Investi\u0163iilor \u015fi Proiectelor Europene r\u0103m\u00e2ne pe deplin angajat s\u0103 sprijine implementarea tuturor ac\u0163iunilor corective necesare pentru deblocarea complet\u0103 a cererii de plat\u0103 nr. 3, \u00een str\u00e2ns\u0103 colaborare cu toate ministerele \u015fi institu\u0163iile responsabile, pentru a asigura absorb\u0163ia integral\u0103 \u015fi la timp a fondurilor europene disponibile Rom\u00e2niei&#8221;, afirm\u0103 reprezentan\u0163ii MIPE.<\/p>\n<p>\u00a0<\/p>\n<p>Rom\u00e2nia beneficiaz\u0103 de 28,5 miliarde de euro prin PNRR, din care 13,6 miliarde euro sub form\u0103 de granturi \u015fi 14,9 miliarde euro sub form\u0103 de \u00eemprumuturi.<\/p>","protected":false},"excerpt":{"rendered":"<p>Ministrul Finan\u0163elor, Tanczos Barna, a declarat joi, despre reforma pensiilor speciale, c\u0103 \u00een opinia sa,&hellip;<\/p>\n","protected":false},"author":0,"featured_media":44835,"comment_status":"open","ping_status":"open","sticky":false,"template":"","format":"standard","meta":{"footnotes":""},"categories":[2],"tags":[],"class_list":["post-44834","post","type-post","status-publish","format-standard","has-post-thumbnail","hentry","category-actual"],"_links":{"self":[{"href":"https:\/\/247stiri.ro\/index.php\/wp-json\/wp\/v2\/posts\/44834","targetHints":{"allow":["GET"]}}],"collection":[{"href":"https:\/\/247stiri.ro\/index.php\/wp-json\/wp\/v2\/posts"}],"about":[{"href":"https:\/\/247stiri.ro\/index.php\/wp-json\/wp\/v2\/types\/post"}],"replies":[{"embeddable":true,"href":"https:\/\/247stiri.ro\/index.php\/wp-json\/wp\/v2\/comments?post=44834"}],"version-history":[{"count":0,"href":"https:\/\/247stiri.ro\/index.php\/wp-json\/wp\/v2\/posts\/44834\/revisions"}],"wp:featuredmedia":[{"embeddable":true,"href":"https:\/\/247stiri.ro\/index.php\/wp-json\/wp\/v2\/media\/44835"}],"wp:attachment":[{"href":"https:\/\/247stiri.ro\/index.php\/wp-json\/wp\/v2\/media?parent=44834"}],"wp:term":[{"taxonomy":"category","embeddable":true,"href":"https:\/\/247stiri.ro\/index.php\/wp-json\/wp\/v2\/categories?post=44834"},{"taxonomy":"post_tag","embeddable":true,"href":"https:\/\/247stiri.ro\/index.php\/wp-json\/wp\/v2\/tags?post=44834"}],"curies":[{"name":"wp","href":"https:\/\/api.w.org\/{rel}","templated":true}]}}