{"id":4484,"date":"2024-11-04T21:05:54","date_gmt":"2024-11-04T21:05:54","guid":{"rendered":"https:\/\/247stiri.ro\/index.php\/2024\/11\/04\/cum-a-fost-posibila-urgia-din-spania-si-ce-sanse-sunt-sa-patim-si-noi-la-fel-elena-mateescu-director-anm-a-explicat-fenomenul\/"},"modified":"2024-11-04T21:05:54","modified_gmt":"2024-11-04T21:05:54","slug":"cum-a-fost-posibila-urgia-din-spania-si-ce-sanse-sunt-sa-patim-si-noi-la-fel-elena-mateescu-director-anm-a-explicat-fenomenul","status":"publish","type":"post","link":"https:\/\/247stiri.ro\/index.php\/2024\/11\/04\/cum-a-fost-posibila-urgia-din-spania-si-ce-sanse-sunt-sa-patim-si-noi-la-fel-elena-mateescu-director-anm-a-explicat-fenomenul\/","title":{"rendered":"Cum a fost posibil\u0103 urgia din Spania \u0219i ce \u0219anse sunt s\u0103 p\u0103\u021bim \u0219i noi la fel? Elena Mateescu, director ANM, a explicat fenomenul"},"content":{"rendered":"<p>Acest fenomen, asociat anterior cu termenul popular \u201epic\u0103tur\u0103 rece\u201d, a fost explicat \u00een detaliu de Elena Mateescu, directorul Administra\u021biei Na\u021bionale de Meteorologie (ANM), care a clarificat natura sa \u0219i circumstan\u021bele \u00een care apare.<\/p>\n<p>\u00centr-o lume \u00een care schimb\u0103rile climatice devin tot mai evidente, \u00eentreb\u0103rile cu privire la impactul unor astfel de urgii \u0219i probabilitatea ca ele s\u0103 afecteze \u0219i Rom\u00e2nia sunt tot mai frecvente. Mateescu a subliniat importan\u021ba \u00een\u021belegerii acestor fenomene pentru a putea anticipa \u0219i gestiona riscurile asociate, oferind o privire de ansamblu asupra mecanismelor care stau la baza acestor fenomene climatice destabilizatoare.<\/p>\n<p>\u201eCunoscut sub numele popular de picatura rece sau Dana, este un fenomen specific zonei de sud si est a Spaniei avand in vedere ingredientele specifice care determina producerea la nivel local a unui astfel de fenomen, pe care il explicam atunci cand atunci cand un fenomen meteorologic este determinat de schimbul de masa de aer cald si umed cu o masa de aer mai rece in altitudine, mai ales pe o situatie de blocare a atmosferei care face ca un sistem sa stationeze mai multe zile deasupra aceleiasi regiuni si sa determine instabilitate atmosferica deosebit de accentuata, sisteme convective care sa genereze cantitati impresionante de precipitatii in interval scurte de timp.<\/p>\n<p><a title=\"Un doctor celebru care a trait peste 100 de ani a dezvaluit secretul longevitatii\" href=\"https:\/\/www.realitatea.net\/stiri\/actual\/un-doctor-celebru-care-a-trait-peste-100-de-ani-a-dezvaluit-secretul-longevitatii_67292326623658501523cd12\">Un doctor celebru care a tr\u0103it peste 100 de ani a dezv\u0103luit secretul longevit\u0103\u021bii<\/a><\/p>\n<p>Vorbim intr-adevar, de o situatie exceptionala. Daca luam in mod obisnuit cantitatile specifice de precipitatii care ar trebui sa cada intr-un an in zona de est si sud a Spaniei, de pana la maxim 200 litri pe metru patrat, ei bine, cantitati inregistrate in 12 ore, asa cum s-a intamplat in zilele de 29 sau 30 octombrie, pana in 12 ore am avut cantitati chiar si de 400 de litri pe metru patrat. Iata ca a plouat dublu decta ar trebui sa ploua intr-un an, si acest lucru cu siguranta a determinat o situatie exceptionala in zona.<\/p>\n<p>In plus, vorbim de Mediterana foarte calda si umeda care, asa cum mentionam, la contactul cu o masa foarte rece in altitudine a determinat acesti nori convectivi incarcati cu mai multi vapori de apa precipitabili si care la o situatie de blocaj atmosferic, pe o anumita regiune, mai mult timp indelungat pot sa genereze cantitati impresionante de precipitatii. Acesta este fenomennul explicat in termeni meteorologici, si care cu siguranta va trebui sa reprezinte un studiu de caz, asa cum facem si noi la nivelul tarii noastre.<\/p>\n<p>Ne amintim si situatia din Romania din 13-14 septembrie, cand in judetul Galati si Vaslui am avut cantitati de peste 150-200 de litri pe metru patrat in conditiile in care intr-o luna septembrie in zona respectiva ploua cel mult 50 de litri pe metru patrat in medie. Iata ca putem sa avem ingrediente specifice, o Mediterana mai calda, iar pentru zona tarii noastre un aport suplimentar de umezeala il reprezinta pentru partea de est si sud est a tarii si bazinul vestic al Marii Negre\u201d, a spus Elena Mateescu la Realitatea Plus.\u00a0<\/p>\n<p><a href=\"https:\/\/www.realitatea.net\/stiri\/actual\/val-de-teorii-ale-conspiratiei-despre-inundatiile-din-valencia-pedeapsa-haarp-dupa-refuzul-spaniei-de-a-sprijini-israelul-sau-previziune-dintrun-serial-popular_6728e8f94f13d50e3e5d5562\" target=\"_blank\" rel=\"noopener\">Val de teorii ale conspira\u021biei despre inunda\u021biile din Valencia: Pedeapsa HAARP dup\u0103 refuzul Spaniei de a sprijini Israelul sau previziune dintr-un serial popular<\/a><\/p>","protected":false},"excerpt":{"rendered":"<p>Acest fenomen, asociat anterior cu termenul popular \u201epic\u0103tur\u0103 rece\u201d, a fost explicat \u00een detaliu de&hellip;<\/p>\n","protected":false},"author":0,"featured_media":4485,"comment_status":"open","ping_status":"open","sticky":false,"template":"","format":"standard","meta":{"footnotes":""},"categories":[2],"tags":[],"class_list":["post-4484","post","type-post","status-publish","format-standard","has-post-thumbnail","hentry","category-actual"],"_links":{"self":[{"href":"https:\/\/247stiri.ro\/index.php\/wp-json\/wp\/v2\/posts\/4484","targetHints":{"allow":["GET"]}}],"collection":[{"href":"https:\/\/247stiri.ro\/index.php\/wp-json\/wp\/v2\/posts"}],"about":[{"href":"https:\/\/247stiri.ro\/index.php\/wp-json\/wp\/v2\/types\/post"}],"replies":[{"embeddable":true,"href":"https:\/\/247stiri.ro\/index.php\/wp-json\/wp\/v2\/comments?post=4484"}],"version-history":[{"count":0,"href":"https:\/\/247stiri.ro\/index.php\/wp-json\/wp\/v2\/posts\/4484\/revisions"}],"wp:featuredmedia":[{"embeddable":true,"href":"https:\/\/247stiri.ro\/index.php\/wp-json\/wp\/v2\/media\/4485"}],"wp:attachment":[{"href":"https:\/\/247stiri.ro\/index.php\/wp-json\/wp\/v2\/media?parent=4484"}],"wp:term":[{"taxonomy":"category","embeddable":true,"href":"https:\/\/247stiri.ro\/index.php\/wp-json\/wp\/v2\/categories?post=4484"},{"taxonomy":"post_tag","embeddable":true,"href":"https:\/\/247stiri.ro\/index.php\/wp-json\/wp\/v2\/tags?post=4484"}],"curies":[{"name":"wp","href":"https:\/\/api.w.org\/{rel}","templated":true}]}}