{"id":44842,"date":"2025-04-03T18:45:24","date_gmt":"2025-04-03T18:45:24","guid":{"rendered":"https:\/\/247stiri.ro\/index.php\/2025\/04\/03\/campania-electorala-pentru-alegerile-prezidentiale-incepe-pe-4-martie-romanii-dezamagiti-de-politicieni-nu-mai-avem-nimic-al-nostru\/"},"modified":"2025-04-03T18:45:24","modified_gmt":"2025-04-03T18:45:24","slug":"campania-electorala-pentru-alegerile-prezidentiale-incepe-pe-4-martie-romanii-dezamagiti-de-politicieni-nu-mai-avem-nimic-al-nostru","status":"publish","type":"post","link":"https:\/\/247stiri.ro\/index.php\/2025\/04\/03\/campania-electorala-pentru-alegerile-prezidentiale-incepe-pe-4-martie-romanii-dezamagiti-de-politicieni-nu-mai-avem-nimic-al-nostru\/","title":{"rendered":"Campania electoral\u0103 pentru alegerile preziden\u021biale \u00eencepe pe 4 martie. Rom\u00e2nii, dezam\u0103gi\u021bi de politicieni: &#8222;Nu mai avem nimic al nostru&#8221;"},"content":{"rendered":"<p>&#8222;Sa aiba grija de cei mici ca asta e viitorul tarii. Ca ceilalti, noi stim ce s-a facut&#8230; Incredere? Cred ca nimeni nu mai are incredere ca stim toti ca nu mai avem nimic al nostru, personal, la nivel de tara&#8221;, a declarat o romanca.\u00a0<\/p>\n<p>Dup\u0103 ce C\u0103lin Georgescu, candidatul \u00een care foarte mul\u021bi \u0219i-au pus speran\u021ba a fost eliminat din curs\u0103, rom\u00e2nii sper\u0103 c\u0103 vor avea un conduc\u0103tor care s\u0103 \u021bin\u0103 cu poporul \u0219i cu interesele Rom\u00e2niei. Oamenii vor fapte, nu vorbe, pentru c\u0103 de promisiuni sunt s\u0103tui.<\/p>\n<p>&#8222;Fac promisiuni si\u00a0 rezorva lucruri pe care acum, cand vor ajunge la presedinti, pe care puteau sa le rezolve atunci au fost in functiile publice&#8221;, a spus un roman.\u00a0<\/p>","protected":false},"excerpt":{"rendered":"<p>&#8222;Sa aiba grija de cei mici ca asta e viitorul tarii. Ca ceilalti, noi stim&hellip;<\/p>\n","protected":false},"author":0,"featured_media":44843,"comment_status":"open","ping_status":"open","sticky":false,"template":"","format":"standard","meta":{"footnotes":""},"categories":[3],"tags":[],"class_list":["post-44842","post","type-post","status-publish","format-standard","has-post-thumbnail","hentry","category-politica"],"_links":{"self":[{"href":"https:\/\/247stiri.ro\/index.php\/wp-json\/wp\/v2\/posts\/44842","targetHints":{"allow":["GET"]}}],"collection":[{"href":"https:\/\/247stiri.ro\/index.php\/wp-json\/wp\/v2\/posts"}],"about":[{"href":"https:\/\/247stiri.ro\/index.php\/wp-json\/wp\/v2\/types\/post"}],"replies":[{"embeddable":true,"href":"https:\/\/247stiri.ro\/index.php\/wp-json\/wp\/v2\/comments?post=44842"}],"version-history":[{"count":0,"href":"https:\/\/247stiri.ro\/index.php\/wp-json\/wp\/v2\/posts\/44842\/revisions"}],"wp:featuredmedia":[{"embeddable":true,"href":"https:\/\/247stiri.ro\/index.php\/wp-json\/wp\/v2\/media\/44843"}],"wp:attachment":[{"href":"https:\/\/247stiri.ro\/index.php\/wp-json\/wp\/v2\/media?parent=44842"}],"wp:term":[{"taxonomy":"category","embeddable":true,"href":"https:\/\/247stiri.ro\/index.php\/wp-json\/wp\/v2\/categories?post=44842"},{"taxonomy":"post_tag","embeddable":true,"href":"https:\/\/247stiri.ro\/index.php\/wp-json\/wp\/v2\/tags?post=44842"}],"curies":[{"name":"wp","href":"https:\/\/api.w.org\/{rel}","templated":true}]}}