{"id":44855,"date":"2025-04-03T19:44:48","date_gmt":"2025-04-03T19:44:48","guid":{"rendered":"https:\/\/247stiri.ro\/index.php\/2025\/04\/03\/incidente-la-statia-de-metrou-piata-unirii-circulatia-trenurilor-a-fost-data-peste-cap-video\/"},"modified":"2025-04-03T19:44:48","modified_gmt":"2025-04-03T19:44:48","slug":"incidente-la-statia-de-metrou-piata-unirii-circulatia-trenurilor-a-fost-data-peste-cap-video","status":"publish","type":"post","link":"https:\/\/247stiri.ro\/index.php\/2025\/04\/03\/incidente-la-statia-de-metrou-piata-unirii-circulatia-trenurilor-a-fost-data-peste-cap-video\/","title":{"rendered":"Incidente la sta\u021bia de metrou Pia\u021ba Unirii. Circula\u021bia trenurilor a fost dat\u0103 peste cap VIDEO"},"content":{"rendered":"<p>O degajare de fum la metrou s-a produs joi seara pe Magistrala 1 a Metrorex, motiv pentru care circula\u021bia trenurilor a fost oprit\u0103, scrie <a href=\"https:\/\/clubferoviar.ro\/video-degajare-de-fum-la-metrou\/\" target=\"_blank\">clubferoviar.ro<\/a><\/p>\n<p>Deocamdat\u0103 nu se cunoa\u0219te cauza din care c\u0103l\u0103torii ce se aflau \u00een sta\u021bia de metrou Pia\u021ba Unirii 1 au fost nevoi\u021bi s\u0103 respire un aer \u00eemb\u00e2csit de un fum \u00een\u021bep\u0103tor.<\/p>\n<p>Fumul vine din tunel dinspre sta\u021bia Timpuri Noi. Atunci c\u00e2nd situa\u021bia a devenit critic\u0103, conducerea transportatorului bucure\u0219tean din subordinea Ministerului Transporturilor a decis s\u0103 opreasc\u0103 temporar, p\u00e2n\u0103 la rezolvarea problemei, circula\u021bia trenurilor pe magistralele 1 \u0219i 3.<\/p>\n<p>Nu este pentru prima oar\u0103 c\u00e2nd apar asemenea probleme. Fix \u00een urm\u0103 cu o lun\u0103, a avut loc o degajare de fum la metrou, la sta\u021bia Pia\u021ba Unirii 2 de pe Magistrala 2.<\/p>\n<p>\u00a0P\u00e2n\u0103 la ora public\u0103rii acestei \u0219tiri, nu a fost dat niciun comunicat referitor la aceast\u0103 problem\u0103.<\/p>","protected":false},"excerpt":{"rendered":"<p>O degajare de fum la metrou s-a produs joi seara pe Magistrala 1 a Metrorex,&hellip;<\/p>\n","protected":false},"author":0,"featured_media":44856,"comment_status":"open","ping_status":"open","sticky":false,"template":"","format":"standard","meta":{"footnotes":""},"categories":[2],"tags":[],"class_list":["post-44855","post","type-post","status-publish","format-standard","has-post-thumbnail","hentry","category-actual"],"_links":{"self":[{"href":"https:\/\/247stiri.ro\/index.php\/wp-json\/wp\/v2\/posts\/44855","targetHints":{"allow":["GET"]}}],"collection":[{"href":"https:\/\/247stiri.ro\/index.php\/wp-json\/wp\/v2\/posts"}],"about":[{"href":"https:\/\/247stiri.ro\/index.php\/wp-json\/wp\/v2\/types\/post"}],"replies":[{"embeddable":true,"href":"https:\/\/247stiri.ro\/index.php\/wp-json\/wp\/v2\/comments?post=44855"}],"version-history":[{"count":0,"href":"https:\/\/247stiri.ro\/index.php\/wp-json\/wp\/v2\/posts\/44855\/revisions"}],"wp:featuredmedia":[{"embeddable":true,"href":"https:\/\/247stiri.ro\/index.php\/wp-json\/wp\/v2\/media\/44856"}],"wp:attachment":[{"href":"https:\/\/247stiri.ro\/index.php\/wp-json\/wp\/v2\/media?parent=44855"}],"wp:term":[{"taxonomy":"category","embeddable":true,"href":"https:\/\/247stiri.ro\/index.php\/wp-json\/wp\/v2\/categories?post=44855"},{"taxonomy":"post_tag","embeddable":true,"href":"https:\/\/247stiri.ro\/index.php\/wp-json\/wp\/v2\/tags?post=44855"}],"curies":[{"name":"wp","href":"https:\/\/api.w.org\/{rel}","templated":true}]}}