{"id":44859,"date":"2025-04-03T20:45:22","date_gmt":"2025-04-03T20:45:22","guid":{"rendered":"https:\/\/247stiri.ro\/index.php\/2025\/04\/03\/tarile-ue-pot-scurta-valabilitatea-permisului-de-conducere-cand-va-fi-adoptata-legea\/"},"modified":"2025-04-03T20:45:22","modified_gmt":"2025-04-03T20:45:22","slug":"tarile-ue-pot-scurta-valabilitatea-permisului-de-conducere-cand-va-fi-adoptata-legea","status":"publish","type":"post","link":"https:\/\/247stiri.ro\/index.php\/2025\/04\/03\/tarile-ue-pot-scurta-valabilitatea-permisului-de-conducere-cand-va-fi-adoptata-legea\/","title":{"rendered":"\u021a\u0103rile UE pot scurta valabilitatea permisului de conducere. C\u00e2nd va fi adoptat\u0103 legea"},"content":{"rendered":"<p>Parlamentul European \u0219i Comisia European\u0103 au ajuns la un acord de principiu asupra unor noi reguli privind permisul de conducere. Una dintre modific\u0103ri stabile\u0219te c\u0103 autorit\u0103\u021bile din toate \u021b\u0103rile UE, inclusiv Rom\u00e2nia, pot scurta valabilitatea permisului de conducere pentru \u0219oferii de peste 65 de ani.<\/p>\n<p>Valabilitatea\u00a0permisului\u00a0de conducere \u00een Rom\u00e2nia este de 10 ani pentru to\u021bi \u0219oferii, indiferent de v\u00e2rst\u0103.<\/p>\n<p>\u00cens\u0103, Uniunea European\u0103 a ajuns la un acord provizoriu privind modificarea valabilit\u0103\u021bii permisului auto.<\/p>\n<p>\u021a\u0103rile UE pot scurta valabilitatea permisului de conducere<\/p>\n<p>\u00cen urma negocierilor, Parlamentul European \u0219i Comisia European\u0103 au convenit ca valabilitatea permiselor de conducere s\u0103 fie de 15 ani pentru motociclete \u0219i ma\u0219ini.<\/p>\n<p>\u021a\u0103rile UE pot reduce aceast\u0103 perioad\u0103 la 10 ani dac\u0103 permisul auto este utilizat \u0219i ca act de identitate. \u00cen schimb, permisele\u00a0auto pentru camioane \u0219i autobuze vor avea o valabilitate de cel mult 5 ani.<\/p>\n<p>De asemenea, statele Uniunii Europene pot scurta valabilitatea permisului de conducere \u00een cazul \u0219oferilor care au peste 65 de ani. Nu s-a stabilit, exact, ce valabilitate va avea noul document \u00een cazul celor trecu\u021bi de aceast\u0103 v\u00e2rst\u0103. \u00cens\u0103, e posibil ca \u0219oferii de peste 65 de ani s\u0103 fie obliga\u021bi ca o dat\u0103 la 2 ani s\u0103 \u00ee\u0219i re\u00eennoiasc\u0103 permisul auto<\/p>\n<p>Din momentul \u00een care directiva va fi adoptat\u0103 de Uniunea European\u0103, toate statele, inclusiv Rom\u00e2nia, vor fi obligate s\u0103-\u0219i alinieze legisla\u021bia cu noile norme.<\/p>\n<p>\u00cen plus, se vor aduce modific\u0103ri \u0219i \u00een ceea ce prive\u0219te efectuarea controlului\u00a0medical.<\/p>\n<p>\u201e\u00cenainte de a ob\u021bine pentru prima dat\u0103 permisul auto, \u0219oferul trebuie s\u0103 treac\u0103 un control medical, inclusiv al vederii \u0219i al st\u0103rii cardiovasculare. Cu toate acestea, pentru \u0219oferii de ma\u0219ini sau motociclete, \u021b\u0103rile UE pot opta pentru \u00eenlocuirea controlului medical cu formulare de autoevaluare sau, \u00een cazul re\u00eennoirii permisului de conducere, alte m\u0103suri alternative\u201d, se precizeaz\u0103 \u00eentr-un\u00a0comunicat al Parlamentului\u00a0European.<\/p>\n<p>Conform calendarului, directiva ar urma s\u0103 fie adoptat\u0103 p\u00e2n\u0103 \u00een vara acestui an.<\/p>\n<p><a href=\"https:\/\/www.promotor.ro\/stiri-auto\/tarile-ue-pot-scurta-valabilitatea-permisului-de-conducere-sunt-vizati-toti-soferii-de-peste-65-de-ani-19374416\" target=\"_blank\">SURSA<\/a><\/p>","protected":false},"excerpt":{"rendered":"<p>Parlamentul European \u0219i Comisia European\u0103 au ajuns la un acord de principiu asupra unor noi&hellip;<\/p>\n","protected":false},"author":0,"featured_media":44858,"comment_status":"open","ping_status":"open","sticky":false,"template":"","format":"standard","meta":{"footnotes":""},"categories":[2],"tags":[],"class_list":["post-44859","post","type-post","status-publish","format-standard","has-post-thumbnail","hentry","category-actual"],"_links":{"self":[{"href":"https:\/\/247stiri.ro\/index.php\/wp-json\/wp\/v2\/posts\/44859","targetHints":{"allow":["GET"]}}],"collection":[{"href":"https:\/\/247stiri.ro\/index.php\/wp-json\/wp\/v2\/posts"}],"about":[{"href":"https:\/\/247stiri.ro\/index.php\/wp-json\/wp\/v2\/types\/post"}],"replies":[{"embeddable":true,"href":"https:\/\/247stiri.ro\/index.php\/wp-json\/wp\/v2\/comments?post=44859"}],"version-history":[{"count":0,"href":"https:\/\/247stiri.ro\/index.php\/wp-json\/wp\/v2\/posts\/44859\/revisions"}],"wp:featuredmedia":[{"embeddable":true,"href":"https:\/\/247stiri.ro\/index.php\/wp-json\/wp\/v2\/media\/44858"}],"wp:attachment":[{"href":"https:\/\/247stiri.ro\/index.php\/wp-json\/wp\/v2\/media?parent=44859"}],"wp:term":[{"taxonomy":"category","embeddable":true,"href":"https:\/\/247stiri.ro\/index.php\/wp-json\/wp\/v2\/categories?post=44859"},{"taxonomy":"post_tag","embeddable":true,"href":"https:\/\/247stiri.ro\/index.php\/wp-json\/wp\/v2\/tags?post=44859"}],"curies":[{"name":"wp","href":"https:\/\/api.w.org\/{rel}","templated":true}]}}