{"id":449,"date":"2024-10-21T07:53:10","date_gmt":"2024-10-21T07:53:10","guid":{"rendered":"https:\/\/247stiri.ro\/index.php\/2024\/10\/21\/nepotul-lui-fane-spoitoru-internat-de-urgenta-in-spital-s-a-ales-cu-gatul-taiat-in-urma-unei-altercatii-de-la-ce-a-pornit-totul\/"},"modified":"2024-10-21T07:53:10","modified_gmt":"2024-10-21T07:53:10","slug":"nepotul-lui-fane-spoitoru-internat-de-urgenta-in-spital-s-a-ales-cu-gatul-taiat-in-urma-unei-altercatii-de-la-ce-a-pornit-totul","status":"publish","type":"post","link":"https:\/\/247stiri.ro\/index.php\/2024\/10\/21\/nepotul-lui-fane-spoitoru-internat-de-urgenta-in-spital-s-a-ales-cu-gatul-taiat-in-urma-unei-altercatii-de-la-ce-a-pornit-totul\/","title":{"rendered":"Nepotul lui Fane Spoitoru, internat de urgen\u021b\u0103 \u00een spital. S-a ales cu g\u00e2tul t\u0103iat \u00een urma unei alterca\u021bii. De la ce a pornit totul"},"content":{"rendered":"<p>Alexandru Petrescu este fiul nelegitim al lui Migdal Ion, zis \u201eMigdale\u201d, devenit celebru \u00een lumea interlop\u0103 rom\u00e2neasc\u0103 din postura de frate al lui Fane Spoitoru, potrivit G\u00e2ndul. Ion Titi\u015for, zis\u00a0Fane Spoitoru, a murit la 7 aprilie 2016, \u00eentr-o clinic\u0103 din Israel, \u00een urma unui accident vascular celebral.\u00a0<\/p>\n<p>Potrivit unor surse judiciare, fiul nerecunoscut al lui \u201eMigdale\u201d este cunoscut drept o persoan\u0103 recalcitrant\u0103, care devine violent\u0103, de obicei, dup\u0103 ce consum\u0103 alcool. Un astfel de episod a avut loc \u0219i \u00een noaptea de 15-16 octombrie, \u00een timp ce Alexandru Petrescu se afla la o cununie,\u00a0 care avea loc \u00eentr-o locuin\u021b\u0103 din Ferentari.<\/p>\n<p>B\u0103rbatul ar fi \u00eenceput s\u0103 danseze lasciv, fapt care l-ar fi \u00eenfuriat pe un alt interlop din neamul Spoitorilor, Samir Curt, \u00een v\u00e2rst\u0103 de 31 de ani.<\/p>\n<p>Mai multe surse au afirmat pentru G\u00e2ndul, c\u0103 individul ar fi spart un pahar, dup\u0103 care l-a lovit \u00een g\u00e2t pe nepotul lui Fane Spoitoru. B\u0103rbatul a fost grav r\u0103nit, s\u00e2nger\u00e2nd abundent, motiv pentru care la fa\u021ba locului a fost chemat un echipaj al serviciului de ambulan\u021b\u0103.<\/p>\n<p>Alexandru Petrescu a fost stabilizat \u0219i transportat apoi la Spitalul Universitar de Urgen\u021b\u0103, unde a \u0219i fost internat<\/p>\n<p>Anun\u021ba\u021bi de cadrele medicale, anchetatorii au deschis un dosar pentru tentativ\u0103 de omor, iar poli\u021bi\u0219tii Serviciului Omoruri au adus la audieri mai multe persoane. \u00cen cele din urm\u0103, poli\u021bi\u0219tii l-au re\u021binut pe Samir Curt, \u00een v\u00e2rst\u0103 de 31 de ani. Vineri, 18 octombrie, b\u0103rbatul a fost arestat preventiv pentru 30 de zile de magistra\u021bii Tribunalului Bucure\u0219ti.<\/p>\n<p>Ce spun magistra\u021bii de la Tribunalul Bucure\u0219ti<\/p>\n<p>\u201eLa data de 18.10.2024, procurorii Parchetului de pe l\u00e2ng\u0103 Tribunalul Bucure\u0219ti au pus \u00een mi\u0219care ac\u021biunea penal\u0103 \u00eempotriva unui inculpat (un b\u0103rbat \u00een v\u00e2rst\u0103 de 30 de ani), cercetat pentru s\u0103v\u00e2r\u0219irea infrac\u021biunii de tentativ\u0103 de omor.<\/p>\n<p>\u00cen baza mijloacelor de prob\u0103 administrate procurorii au re\u021binut, \u00een esen\u021b\u0103, urm\u0103toarea situa\u021bie de fapt:<\/p>\n<p>\u00cen data de 15.10.2024, \u00een jurul orei 22.20, afl\u00e2ndu-se \u00een curtea unui imobil din mun. Bucure\u0219ti, sector 5, \u00een urma unui conflict spontan izbucnit \u00een cadrul unei petreceri la care participau numeroase persoane, inculpatul a folosit un pahar spart pentru a lovi victima \u00een repetate r\u00e2nduri, cu inten\u021bia de a-i suprima via\u021ba. Victima, un b\u0103rbat de 29 de ani, a suferit pl\u0103gi \u00een zona mandibulei, \u00een zona latero-cervical\u0103 dreapta \u0219i mai multe pl\u0103gi \u00een zona toracelui posterior, leziuni traumatice care au pus \u00een primejdia via\u021ba victimei. Victima a fost salvat\u0103 de interven\u021bia rapid\u0103 a unor martori, care au transportat-o la spital, unde a primit \u00eengrijiri medicale de urgen\u021b\u0103.<\/p>\n<p>Inculpatul a fost re\u021binut pentru 24 de ore, iar la data de 19.10.2024 judec\u0103torul de drepturi \u0219i libert\u0103\u021bi din cadrul Tribunalului Bucure\u0219ti a dispus arestarea preventiv\u0103 pentru o perioad\u0103 de 30 de zile.<\/p>\n<p>\u00cen cauz\u0103 se efectueaz\u0103 urm\u0103rirea penal\u0103 \u0219i fa\u021b\u0103 de al\u021bi cinci inculpa\u021bi, care au fost re\u021binu\u021bi la datele de 17 \u0219i 18.10.2024, pentru s\u0103v\u00e2r\u0219irea infrac\u021biunii de m\u0103rturie mincinoas\u0103. Cu privire la ace\u0219tia, procurorii au stabilit c\u0103, de\u0219i au fost prezen\u021bi la petrecerea respectiv\u0103 \u0219i de\u021bineau informa\u021bii care ar fi dus la identificarea inculpatului, au refuzat s\u0103 le pun\u0103 la dispozi\u021bia organelor de urm\u0103rire penal\u0103 cu ocazia audierii lor \u00een calitate de martori.\u00a0 \u00cen prezent, cei cinci inculpa\u021bi sunt cerceta\u021bi \u00een stare de libertate.<\/p>\n<p>Cercet\u0103rile sunt continuate de c\u0103tre Parchetul de pe l\u00e2ng\u0103 Tribunalul Bucure\u0219ti \u0219i Direc\u021bia General\u0103 de Poli\u021bie a Municipiului Bucure\u0219ti \u2013 Serviciul Omoruri\u201d, se arat\u0103 \u00een comunicatul de la Tribunalul Bucure\u0219ti.<\/p>","protected":false},"excerpt":{"rendered":"<p>Alexandru Petrescu este fiul nelegitim al lui Migdal Ion, zis \u201eMigdale\u201d, devenit celebru \u00een lumea&hellip;<\/p>\n","protected":false},"author":0,"featured_media":420,"comment_status":"open","ping_status":"open","sticky":false,"template":"","format":"standard","meta":{"footnotes":""},"categories":[2],"tags":[],"class_list":["post-449","post","type-post","status-publish","format-standard","has-post-thumbnail","hentry","category-actual"],"_links":{"self":[{"href":"https:\/\/247stiri.ro\/index.php\/wp-json\/wp\/v2\/posts\/449","targetHints":{"allow":["GET"]}}],"collection":[{"href":"https:\/\/247stiri.ro\/index.php\/wp-json\/wp\/v2\/posts"}],"about":[{"href":"https:\/\/247stiri.ro\/index.php\/wp-json\/wp\/v2\/types\/post"}],"replies":[{"embeddable":true,"href":"https:\/\/247stiri.ro\/index.php\/wp-json\/wp\/v2\/comments?post=449"}],"version-history":[{"count":0,"href":"https:\/\/247stiri.ro\/index.php\/wp-json\/wp\/v2\/posts\/449\/revisions"}],"wp:featuredmedia":[{"embeddable":true,"href":"https:\/\/247stiri.ro\/index.php\/wp-json\/wp\/v2\/media\/420"}],"wp:attachment":[{"href":"https:\/\/247stiri.ro\/index.php\/wp-json\/wp\/v2\/media?parent=449"}],"wp:term":[{"taxonomy":"category","embeddable":true,"href":"https:\/\/247stiri.ro\/index.php\/wp-json\/wp\/v2\/categories?post=449"},{"taxonomy":"post_tag","embeddable":true,"href":"https:\/\/247stiri.ro\/index.php\/wp-json\/wp\/v2\/tags?post=449"}],"curies":[{"name":"wp","href":"https:\/\/api.w.org\/{rel}","templated":true}]}}