{"id":4501,"date":"2024-11-04T22:09:58","date_gmt":"2024-11-04T22:09:58","guid":{"rendered":"https:\/\/247stiri.ro\/index.php\/2024\/11\/04\/alerta-de-incendiu-la-un-centru-de-ingrijire-si-asistenta-pentru-varstnici-din-videle-zeci-de-pacienti-evacuati\/"},"modified":"2024-11-04T22:09:58","modified_gmt":"2024-11-04T22:09:58","slug":"alerta-de-incendiu-la-un-centru-de-ingrijire-si-asistenta-pentru-varstnici-din-videle-zeci-de-pacienti-evacuati","status":"publish","type":"post","link":"https:\/\/247stiri.ro\/index.php\/2024\/11\/04\/alerta-de-incendiu-la-un-centru-de-ingrijire-si-asistenta-pentru-varstnici-din-videle-zeci-de-pacienti-evacuati\/","title":{"rendered":"Alert\u0103 de incendiu la un Centru de \u00cengrijire \u0219i Asisten\u021b\u0103 pentru v\u00e2rstnici din Videle. Zeci de pacien\u021bi evacua\u021bi"},"content":{"rendered":"<p>Pentru a gestiona situa\u021bia, au fost trimise rapid trei echipaje de pompieri, echipate cu dou\u0103 autospeciale pentru ap\u0103 \u0219i spum\u0103, precum \u0219i o ambulan\u021b\u0103 SMURD. De asemenea, dou\u0103 echipaje ale Serviciului de Ambulan\u021b\u0103 Jude\u021bean Teleorman au ajuns la fa\u021ba locului.<\/p>\n<p>La sosirea lor, cl\u0103direa era par\u021bial umplut\u0103 cu fum, provocat de o defec\u021biune a instala\u021biei electrice a centralei de \u00eenc\u0103lzire. Din fericire, nu s-au \u00eenregistrat victime.\u00cen scopul protej\u0103rii pacien\u021bilor, 75 de persoane, majoritatea reziden\u021bi ai centrului, au fost evacuate \u00een siguran\u021b\u0103.<\/p>\n<p>Din cauza fumului dens, s-a decis relocarea temporar\u0103 a acestora \u00een dou\u0103 saloane de la parterul cl\u0103dirii. Salvatorii au colaborat str\u00e2ns cu autorit\u0103\u021bile locale \u0219i personalul medical al spitalului pentru a asigura siguran\u021ba tuturor celor implica\u021bi.<\/p>\n<p>Dup\u0103 ce fumul a fost \u00eendep\u0103rtat de pe parter \u0219i de la etajele superioare, pacien\u021bii au putut reveni \u00een camerele lor. Interven\u021bia rapid\u0103 \u0219i bine coordonat\u0103 a autorit\u0103\u021bilor a fost esen\u021bial\u0103 pentru prevenirea oric\u0103ror tragedii \u0219i pentru restabilirea siguran\u021bei \u00een cadrul Centrului de \u00cengrijire \u0219i Asisten\u021b\u0103 Videle.<\/p>","protected":false},"excerpt":{"rendered":"<p>Pentru a gestiona situa\u021bia, au fost trimise rapid trei echipaje de pompieri, echipate cu dou\u0103&hellip;<\/p>\n","protected":false},"author":0,"featured_media":4502,"comment_status":"open","ping_status":"open","sticky":false,"template":"","format":"standard","meta":{"footnotes":""},"categories":[2],"tags":[],"class_list":["post-4501","post","type-post","status-publish","format-standard","has-post-thumbnail","hentry","category-actual"],"_links":{"self":[{"href":"https:\/\/247stiri.ro\/index.php\/wp-json\/wp\/v2\/posts\/4501","targetHints":{"allow":["GET"]}}],"collection":[{"href":"https:\/\/247stiri.ro\/index.php\/wp-json\/wp\/v2\/posts"}],"about":[{"href":"https:\/\/247stiri.ro\/index.php\/wp-json\/wp\/v2\/types\/post"}],"replies":[{"embeddable":true,"href":"https:\/\/247stiri.ro\/index.php\/wp-json\/wp\/v2\/comments?post=4501"}],"version-history":[{"count":0,"href":"https:\/\/247stiri.ro\/index.php\/wp-json\/wp\/v2\/posts\/4501\/revisions"}],"wp:featuredmedia":[{"embeddable":true,"href":"https:\/\/247stiri.ro\/index.php\/wp-json\/wp\/v2\/media\/4502"}],"wp:attachment":[{"href":"https:\/\/247stiri.ro\/index.php\/wp-json\/wp\/v2\/media?parent=4501"}],"wp:term":[{"taxonomy":"category","embeddable":true,"href":"https:\/\/247stiri.ro\/index.php\/wp-json\/wp\/v2\/categories?post=4501"},{"taxonomy":"post_tag","embeddable":true,"href":"https:\/\/247stiri.ro\/index.php\/wp-json\/wp\/v2\/tags?post=4501"}],"curies":[{"name":"wp","href":"https:\/\/api.w.org\/{rel}","templated":true}]}}