{"id":4503,"date":"2024-11-04T22:09:58","date_gmt":"2024-11-04T22:09:58","guid":{"rendered":"https:\/\/247stiri.ro\/index.php\/2024\/11\/04\/medicii-sunt-in-alerta-temuta-gripa-h3n2-a-ajuns-in-europa-care-sunt-simptomele\/"},"modified":"2024-11-04T22:09:58","modified_gmt":"2024-11-04T22:09:58","slug":"medicii-sunt-in-alerta-temuta-gripa-h3n2-a-ajuns-in-europa-care-sunt-simptomele","status":"publish","type":"post","link":"https:\/\/247stiri.ro\/index.php\/2024\/11\/04\/medicii-sunt-in-alerta-temuta-gripa-h3n2-a-ajuns-in-europa-care-sunt-simptomele\/","title":{"rendered":"Medicii sunt \u00een alert\u0103: temuta grip\u0103 H3N2 a ajuns \u00een Europa! Care sunt simptomele?"},"content":{"rendered":"<p>Un simptom grav al gripei australiene H3N2, una dintre tulpinile de grip\u0103 sezonier\u0103 A care circul\u0103 \u00een Italia, este un semn c\u0103 virusul poate afecta nu numai tractul respirator, ci \u0219i creierul, duc\u00e2nd la apari\u021bia simptomelor neurologice, scrie doctorulzilei.ro.<\/p>\n<p>Primele cazuri de grip\u0103 \u00een Italia au fost \u00eenregistrate \u00een Lombardia, Piemont \u0219i Lazio. Dar \u0219i \u00een Genova \u0219i \u00een restul Liguriei, unde aten\u021bia asupra riscului de complica\u021bii neurologice a fost atras\u0103 de profesorul\u00a0<a href=\"https:\/\/www.antena3.ro\/life\/sanatate\/gripa-australiana-afecteaza-inima-si-creierul-pacientilor-medicii-semnaleaza-aparitia-primului-caz-in-italia-726580.html\">Matteo Bassetti<\/a>, care a relatat cazul unui b\u0103rbat de 76 de ani internat la spitalul San Martino din Genova, care \u201enu-\u0219i putea recunoa\u0219te nici m\u0103car so\u021bia\u201d. Pacientul a relatat c\u0103 printre primele sale simptome \u201enu putea sim\u021bi gustul alimentelor atunci c\u00e2nd m\u00e2nca\u201d.<\/p>\n<p>Simptomele gripei, \u00een special ale gripei australiene, afecteaz\u0103 \u00een principal tractul respirator, dar pot afecta \u0219i sistemul nervos central. Manifest\u0103rile neurologice pornesc de la simptome u\u0219oare, cum ar fi durerile de cap \u0219i ame\u021belile, p\u00e2n\u0103 la cele grave, cum ar fi encefalita, sindromul Guillain-Barr\u00e9 (GBS) \u0219i encefalomielita acut\u0103 diseminat\u0103 (ADEM).<\/p>\n<p>La adul\u021bi, au fost raportate cazuri de grip\u0103 A\/H3N2 asociate cu encefalit\u0103, convulsii \u0219i meningoencefalit\u0103, \u00een timp ce la copii au fost raportate convulsii febrile.<\/p>","protected":false},"excerpt":{"rendered":"<p>Un simptom grav al gripei australiene H3N2, una dintre tulpinile de grip\u0103 sezonier\u0103 A care&hellip;<\/p>\n","protected":false},"author":0,"featured_media":4504,"comment_status":"open","ping_status":"open","sticky":false,"template":"","format":"standard","meta":{"footnotes":""},"categories":[2],"tags":[],"class_list":["post-4503","post","type-post","status-publish","format-standard","has-post-thumbnail","hentry","category-actual"],"_links":{"self":[{"href":"https:\/\/247stiri.ro\/index.php\/wp-json\/wp\/v2\/posts\/4503","targetHints":{"allow":["GET"]}}],"collection":[{"href":"https:\/\/247stiri.ro\/index.php\/wp-json\/wp\/v2\/posts"}],"about":[{"href":"https:\/\/247stiri.ro\/index.php\/wp-json\/wp\/v2\/types\/post"}],"replies":[{"embeddable":true,"href":"https:\/\/247stiri.ro\/index.php\/wp-json\/wp\/v2\/comments?post=4503"}],"version-history":[{"count":0,"href":"https:\/\/247stiri.ro\/index.php\/wp-json\/wp\/v2\/posts\/4503\/revisions"}],"wp:featuredmedia":[{"embeddable":true,"href":"https:\/\/247stiri.ro\/index.php\/wp-json\/wp\/v2\/media\/4504"}],"wp:attachment":[{"href":"https:\/\/247stiri.ro\/index.php\/wp-json\/wp\/v2\/media?parent=4503"}],"wp:term":[{"taxonomy":"category","embeddable":true,"href":"https:\/\/247stiri.ro\/index.php\/wp-json\/wp\/v2\/categories?post=4503"},{"taxonomy":"post_tag","embeddable":true,"href":"https:\/\/247stiri.ro\/index.php\/wp-json\/wp\/v2\/tags?post=4503"}],"curies":[{"name":"wp","href":"https:\/\/api.w.org\/{rel}","templated":true}]}}