{"id":45218,"date":"2025-04-05T05:44:59","date_gmt":"2025-04-05T05:44:59","guid":{"rendered":"https:\/\/247stiri.ro\/index.php\/2025\/04\/05\/tragedie-pe-sosea-in-judetul-buzau-accident-cu-un-mort-si-4-raniti-cum-s-a-petrecut-totul-foto\/"},"modified":"2025-04-05T05:44:59","modified_gmt":"2025-04-05T05:44:59","slug":"tragedie-pe-sosea-in-judetul-buzau-accident-cu-un-mort-si-4-raniti-cum-s-a-petrecut-totul-foto","status":"publish","type":"post","link":"https:\/\/247stiri.ro\/index.php\/2025\/04\/05\/tragedie-pe-sosea-in-judetul-buzau-accident-cu-un-mort-si-4-raniti-cum-s-a-petrecut-totul-foto\/","title":{"rendered":"Tragedie pe \u0219osea, \u00een jude\u021bul Buz\u0103u. Accident cu un mort \u0219i 4 r\u0103ni\u021bi. Cum s-a petrecut totul? &#8211; FOTO"},"content":{"rendered":"<p>Autoturismul condus pe direc\u0163ia Calvini c\u0103tre Cisl\u0103u, de un \u015fofer de 23 de ani, din Calvini, ar fi pierdut controlul asupra direc\u0163iei \u015fi ar fi intrat \u00een coliziune cu un cap de pod, a transmis s\u00e2mb\u0103t\u0103 diminea\u0163\u0103, IPJ Buz\u0103u.<\/p>\n<p>Potrivit presei locale, accidentul s-ar fi petrecut din cauza unei c\u0103ru\u021be.\u00a0<\/p>\n<p>\u00cen urma impactului, \u0219oferul a murit, iar patru tineri cu v\u00e2rste \u00eentre 16 \u015fi 23 de ani au fost prelua\u021bi de ambulan\u0163\u0103 pentru \u00eengrijiri medicale.<\/p>\n<p>Agen\u0163ii vor \u00eentocmi dosar penal pentru stabilirea tuturor \u00eemprejur\u0103rilor \u00een care s-a produs accidentul.<\/p>","protected":false},"excerpt":{"rendered":"<p>Autoturismul condus pe direc\u0163ia Calvini c\u0103tre Cisl\u0103u, de un \u015fofer de 23 de ani, din&hellip;<\/p>\n","protected":false},"author":0,"featured_media":45219,"comment_status":"open","ping_status":"open","sticky":false,"template":"","format":"standard","meta":{"footnotes":""},"categories":[2],"tags":[],"class_list":["post-45218","post","type-post","status-publish","format-standard","has-post-thumbnail","hentry","category-actual"],"_links":{"self":[{"href":"https:\/\/247stiri.ro\/index.php\/wp-json\/wp\/v2\/posts\/45218","targetHints":{"allow":["GET"]}}],"collection":[{"href":"https:\/\/247stiri.ro\/index.php\/wp-json\/wp\/v2\/posts"}],"about":[{"href":"https:\/\/247stiri.ro\/index.php\/wp-json\/wp\/v2\/types\/post"}],"replies":[{"embeddable":true,"href":"https:\/\/247stiri.ro\/index.php\/wp-json\/wp\/v2\/comments?post=45218"}],"version-history":[{"count":0,"href":"https:\/\/247stiri.ro\/index.php\/wp-json\/wp\/v2\/posts\/45218\/revisions"}],"wp:featuredmedia":[{"embeddable":true,"href":"https:\/\/247stiri.ro\/index.php\/wp-json\/wp\/v2\/media\/45219"}],"wp:attachment":[{"href":"https:\/\/247stiri.ro\/index.php\/wp-json\/wp\/v2\/media?parent=45218"}],"wp:term":[{"taxonomy":"category","embeddable":true,"href":"https:\/\/247stiri.ro\/index.php\/wp-json\/wp\/v2\/categories?post=45218"},{"taxonomy":"post_tag","embeddable":true,"href":"https:\/\/247stiri.ro\/index.php\/wp-json\/wp\/v2\/tags?post=45218"}],"curies":[{"name":"wp","href":"https:\/\/api.w.org\/{rel}","templated":true}]}}