{"id":45226,"date":"2025-04-05T06:44:51","date_gmt":"2025-04-05T06:44:51","guid":{"rendered":"https:\/\/247stiri.ro\/index.php\/2025\/04\/05\/revine-iarna-in-romania-un-val-de-frig-va-cuprinde-intreaga-tara-in-orele-urmatoare-vezi-primele-zone-afectate-harta\/"},"modified":"2025-04-05T06:44:51","modified_gmt":"2025-04-05T06:44:51","slug":"revine-iarna-in-romania-un-val-de-frig-va-cuprinde-intreaga-tara-in-orele-urmatoare-vezi-primele-zone-afectate-harta","status":"publish","type":"post","link":"https:\/\/247stiri.ro\/index.php\/2025\/04\/05\/revine-iarna-in-romania-un-val-de-frig-va-cuprinde-intreaga-tara-in-orele-urmatoare-vezi-primele-zone-afectate-harta\/","title":{"rendered":"Revine IARNA \u00een Rom\u00e2nia. Un val de frig va cuprinde \u00eentreaga \u021bar\u0103\u00a0\u00een orele urm\u0103toare, vezi primele zone afectate- HARTA"},"content":{"rendered":"<p class=\"selectable-text copyable-text x15bjb6t x1n2onr6\">ANM a emis o aten\u021bionare meteorologic\u0103 cod galben de intensific\u0103ri ale v\u00e2ntului, viscol \u00een zona \u00eenalt\u0103 de munte, valabil\u0103 \u00een intervalul 5 aprilie, ora 15 &#8211; 6 aprilie, ora 03<\/p>\n<p class=\"selectable-text copyable-text x15bjb6t x1n2onr6\"> \u00cen Maramure\u0219, Cri\u0219ana, Banat, Transilvania, Moldova, nord-estul Munteniei, precum \u0219i la munte vor fi perioade \u00een care vor fi intensific\u0103ri ale v\u00e2ntului \u0219i vijelii, cu viteze de 50&#8230;70 km\/h. La altitudini mari, \u00een general de peste 1700 m, rafalele vor fi de 75&#8230;85 km\/h \u0219i temporar va fi viscol.<\/p>\n<p class=\"selectable-text copyable-text x15bjb6t x1n2onr6\">\u00a0<\/p>\n<p class=\"selectable-text copyable-text x15bjb6t x1n2onr6\">\n<\/p><p class=\"selectable-text copyable-text x15bjb6t x1n2onr6\">De asemenea, \u00een weekend se va produce o r\u0103cire anccentuat\u0103 a vremii.\u00a0<\/p>\n<p class=\"selectable-text copyable-text x15bjb6t x1n2onr6\">INFORMARE METEOROLOGIC\u0102<\/p>\n<p class=\"selectable-text copyable-text x15bjb6t x1n2onr6\">Interval de valabilitate: 5 aprilie, ora 10 &#8211; 7 aprilie, ora 18<\/p>\n<p class=\"selectable-text copyable-text x15bjb6t x1n2onr6\">Fenomene vizate: instabilitate atmosferic\u0103, precipita\u021bii mixte, cantit\u0103\u021bi de ap\u0103 \u00eensemnate, intensific\u0103ri ale v\u00e2ntului, r\u0103cire accentuat\u0103, brum\u0103 \u0219i \u00eenghe\u021b la sol<\/p>\n<p class=\"selectable-text copyable-text x15bjb6t x1n2onr6\"> \u00cen intervalul men\u021bionat, \u00een cea mai mare parte a \u021b\u0103rii, vor fi precipita\u021bii ce vor avea mai ales caracter de avers\u0103 \u0219i vor acumula local cantit\u0103\u021bi de ap\u0103 de 10&#8230;20 l\/mp \u0219i izolat de 30&#8230;40 l\/mp.<\/p>\n<p class=\"selectable-text copyable-text x15bjb6t x1n2onr6\"> S\u00e2mb\u0103t\u0103 vor fi ploi, desc\u0103rc\u0103ri electrice, vijelii \u0219i izolat grindin\u0103 \u00een jum\u0103tatea de nord a teritoriului. Din noaptea de s\u00e2mb\u0103t\u0103 spre duminic\u0103, vremea se va r\u0103ci accentuat, iar ploile se vor extinde \u0219i se vor transforma treptat \u00een lapovi\u021b\u0103 \u0219i ninsoare, la \u00eenceput la munte, apoi \u0219i \u00een zonele joase de relief. \u00cendeosebi \u00een zona montan\u0103 \u0219i submontan\u0103 se va depune strat de z\u0103pad\u0103, \u00een medie de 10&#8230;15 cm.<\/p>\n<p class=\"selectable-text copyable-text x15bjb6t x1n2onr6\"> \u00cen majoritatea regiunilor, v\u00e2ntul va avea intensific\u0103ri, cu viteze \u00een general de 40&#8230;50 km\/h.<\/p>\n<p class=\"selectable-text copyable-text x15bjb6t x1n2onr6\"> Nop\u021bile \u0219i dimine\u021bile vor deveni deosebit de reci, cu temperaturi preponderent negative. Temperaturile minime se vor situa \u00een general \u00eentre -7 \u0219i 2 grade. Local se va produce brum\u0103 \u0219i \u00eenghe\u021b la sol.<\/p>\n<p class=\"selectable-text copyable-text x15bjb6t x1n2onr6\">Not\u0103: Vremea se va men\u021bine deosebit de rece, temporar vor fi precipita\u021bii mixte \u0219i intensific\u0103ri ale v\u00e2ntului, p\u00e2n\u0103 spre sf\u00e2r\u0219itul s\u0103pt\u0103m\u00e2nii viitoare.<\/p>\n<p class=\"selectable-text copyable-text x15bjb6t x1n2onr6\">\u00a0<\/p>\n<p class=\"selectable-text copyable-text x15bjb6t x1n2onr6\">\u00a0<\/p>","protected":false},"excerpt":{"rendered":"<p>ANM a emis o aten\u021bionare meteorologic\u0103 cod galben de intensific\u0103ri ale v\u00e2ntului, viscol \u00een zona&hellip;<\/p>\n","protected":false},"author":0,"featured_media":45227,"comment_status":"open","ping_status":"open","sticky":false,"template":"","format":"standard","meta":{"footnotes":""},"categories":[2],"tags":[],"class_list":["post-45226","post","type-post","status-publish","format-standard","has-post-thumbnail","hentry","category-actual"],"_links":{"self":[{"href":"https:\/\/247stiri.ro\/index.php\/wp-json\/wp\/v2\/posts\/45226","targetHints":{"allow":["GET"]}}],"collection":[{"href":"https:\/\/247stiri.ro\/index.php\/wp-json\/wp\/v2\/posts"}],"about":[{"href":"https:\/\/247stiri.ro\/index.php\/wp-json\/wp\/v2\/types\/post"}],"replies":[{"embeddable":true,"href":"https:\/\/247stiri.ro\/index.php\/wp-json\/wp\/v2\/comments?post=45226"}],"version-history":[{"count":0,"href":"https:\/\/247stiri.ro\/index.php\/wp-json\/wp\/v2\/posts\/45226\/revisions"}],"wp:featuredmedia":[{"embeddable":true,"href":"https:\/\/247stiri.ro\/index.php\/wp-json\/wp\/v2\/media\/45227"}],"wp:attachment":[{"href":"https:\/\/247stiri.ro\/index.php\/wp-json\/wp\/v2\/media?parent=45226"}],"wp:term":[{"taxonomy":"category","embeddable":true,"href":"https:\/\/247stiri.ro\/index.php\/wp-json\/wp\/v2\/categories?post=45226"},{"taxonomy":"post_tag","embeddable":true,"href":"https:\/\/247stiri.ro\/index.php\/wp-json\/wp\/v2\/tags?post=45226"}],"curies":[{"name":"wp","href":"https:\/\/api.w.org\/{rel}","templated":true}]}}