{"id":45229,"date":"2025-04-05T06:44:52","date_gmt":"2025-04-05T06:44:52","guid":{"rendered":"https:\/\/247stiri.ro\/index.php\/2025\/04\/05\/profesoara-batuta-cu-salbaticie-de-o-eleva-chiar-in-incinta-scolii-detalii-socante-despre-agresoare\/"},"modified":"2025-04-05T06:44:52","modified_gmt":"2025-04-05T06:44:52","slug":"profesoara-batuta-cu-salbaticie-de-o-eleva-chiar-in-incinta-scolii-detalii-socante-despre-agresoare","status":"publish","type":"post","link":"https:\/\/247stiri.ro\/index.php\/2025\/04\/05\/profesoara-batuta-cu-salbaticie-de-o-eleva-chiar-in-incinta-scolii-detalii-socante-despre-agresoare\/","title":{"rendered":"Profesoar\u0103\u00a0b\u0103tut\u0103 cu s\u0103lb\u0103ticie de o elev\u0103, chiar \u00een incinta \u0219colii. Detalii \u0219ocante despre agresoare"},"content":{"rendered":"<p>Victima, o profesoara de 30 de ani, a fost lovit\u0103 de elev\u0103 f\u0103r\u0103 un motiv aparent, chiar \u00een incinta unit\u0103\u021bii de \u00eenv\u0103\u021b\u0103m\u00e2nt \u0219i a fost transportat\u0103 de urgen\u021b\u0103 la spital, potrivit Realitatea Plus.<\/p>\n<p>\u00cen urma evalu\u0103rilor medicale, aceasta a fost diagnosticat\u0103 cu un\u00a0traumatism craniocerebral cauzat de agresiune, dar, din fericire, nu a suferit pierderi de con\u0219tien\u021b\u0103.<\/p>\n<p>Adolescenta\u00a0a fost re\u021binut\u0103 pentru 24 de ore \u0219i a fost dus\u0103 la\u00a0Centrul de Re\u021binere \u0219i Arestare Preventiv\u0103 din cadrul Inspectoratului de Poli\u021bie Jude\u021bean Bistri\u021ba-N\u0103s\u0103ud.\u00a0<\/p>\n<p class=\"questo-paywall\">Profesoara agresat\u0103 a relatat c\u0103 &#8222;Eleva este \u00een centrul de plasament \u0219i nu are tulbur\u0103ri psihice, are discern\u0103m\u00e2nt. Este foarte agresiv\u0103 cu tot personalul, nu sunt primul profesor atacat de c\u0103tre aceasta, \u00eens\u0103 niciodat\u0103 nu se iau niciun fel de m\u0103suri. Ea sus\u021bine ca este prostituat\u0103 de lux \u0219i c\u0103 posed\u0103 \u00een telefon astfel de activit\u0103\u021bi cu oameni cu influen\u021b\u0103, care o scot din orice situa\u021bie. Am \u00een\u021beles ca ar fi colegi care ar fi v\u0103zut \u00een telefon astfel de lucruri. Eu nu am lovit-o nici \u00een situa\u021bia asta, fiindc\u0103 mi-a fost fric\u0103 de urm\u0103rile legale, iar eu sunt mama a trei copii, nu pot s\u0103 risc. Am \u00eencercat s\u0103 m\u0103 ap\u0103r \u00eemping\u00e2nd-o&#8221;, a mai povestit victima, potrivit <a href=\"https:\/\/www.bistriteanul.ro\/marturiile-profesoarei-batute-de-copila-de-la-beclean-a-zbierat-pe-ca-asta-oricum-o-omor-cand-o-mai-vad\/?fbclid=IwY2xjawJdo8NleHRuA2FlbQIxMQABHj1ZT20cnAibo1hbgXqr0jM3TXRJBedB-Ipj_y2fdakDDoNCQ0ZEsR13gw97_aem_NLfVzdOO-BFmSVffykzqOg\" target=\"_blank\">Bistri\u021beanul.<\/a><\/p>\n<p>Publica\u021bia local\u0103 a dezv\u0103luit \u0219i alte detalii ABSOLUT \u0219ocante despre incident.<\/p>","protected":false},"excerpt":{"rendered":"<p>Victima, o profesoara de 30 de ani, a fost lovit\u0103 de elev\u0103 f\u0103r\u0103 un motiv&hellip;<\/p>\n","protected":false},"author":0,"featured_media":45230,"comment_status":"open","ping_status":"open","sticky":false,"template":"","format":"standard","meta":{"footnotes":""},"categories":[2],"tags":[],"class_list":["post-45229","post","type-post","status-publish","format-standard","has-post-thumbnail","hentry","category-actual"],"_links":{"self":[{"href":"https:\/\/247stiri.ro\/index.php\/wp-json\/wp\/v2\/posts\/45229","targetHints":{"allow":["GET"]}}],"collection":[{"href":"https:\/\/247stiri.ro\/index.php\/wp-json\/wp\/v2\/posts"}],"about":[{"href":"https:\/\/247stiri.ro\/index.php\/wp-json\/wp\/v2\/types\/post"}],"replies":[{"embeddable":true,"href":"https:\/\/247stiri.ro\/index.php\/wp-json\/wp\/v2\/comments?post=45229"}],"version-history":[{"count":0,"href":"https:\/\/247stiri.ro\/index.php\/wp-json\/wp\/v2\/posts\/45229\/revisions"}],"wp:featuredmedia":[{"embeddable":true,"href":"https:\/\/247stiri.ro\/index.php\/wp-json\/wp\/v2\/media\/45230"}],"wp:attachment":[{"href":"https:\/\/247stiri.ro\/index.php\/wp-json\/wp\/v2\/media?parent=45229"}],"wp:term":[{"taxonomy":"category","embeddable":true,"href":"https:\/\/247stiri.ro\/index.php\/wp-json\/wp\/v2\/categories?post=45229"},{"taxonomy":"post_tag","embeddable":true,"href":"https:\/\/247stiri.ro\/index.php\/wp-json\/wp\/v2\/tags?post=45229"}],"curies":[{"name":"wp","href":"https:\/\/api.w.org\/{rel}","templated":true}]}}