{"id":45235,"date":"2025-04-05T07:45:10","date_gmt":"2025-04-05T07:45:10","guid":{"rendered":"https:\/\/247stiri.ro\/index.php\/2025\/04\/05\/corneliu-vadim-tudor-parintele-curentului-suveranist-l-a-facut-praf-pe-victor-ponta-inca-de-acum-10-ani-ce-spune-fiica-fostului-lider-prm-video\/"},"modified":"2025-04-05T07:45:10","modified_gmt":"2025-04-05T07:45:10","slug":"corneliu-vadim-tudor-parintele-curentului-suveranist-l-a-facut-praf-pe-victor-ponta-inca-de-acum-10-ani-ce-spune-fiica-fostului-lider-prm-video","status":"publish","type":"post","link":"https:\/\/247stiri.ro\/index.php\/2025\/04\/05\/corneliu-vadim-tudor-parintele-curentului-suveranist-l-a-facut-praf-pe-victor-ponta-inca-de-acum-10-ani-ce-spune-fiica-fostului-lider-prm-video\/","title":{"rendered":"Corneliu Vadim Tudor, p\u0103rintele curentului suveranist, l-a f\u0103cut praf pe Victor Ponta \u00eenc\u0103 de acum 10 ani. Ce spune fiica fostului lider PRM &#8211; VIDEO"},"content":{"rendered":"<p><a title=\"@revistaromaniamar\" href=\"https:\/\/www.tiktok.com\/@revistaromaniamar?refer=embed\" target=\"_blank\">@revistaromaniamar<\/a><\/p>\n<p>\u00a0<\/p>\n<p><a title=\"\u266c sunet original - revistaromaniamare\" href=\"https:\/\/www.tiktok.com\/music\/sunet-original-7489361709540379414?refer=embed\" target=\"_blank\">\u266c sunet original &#8211; revistaromaniamare<\/a><\/p>\n<p>\u00a0<\/p>\n<p>Cu pu\u021bin timp \u00eenainte de a muri, CV Tudor l-a atacat dur pe Victor Ponta \u00een leg\u0103tur\u0103 cu un alt episod controversat din cariera sa, modul \u00een care \u0219i-a ob\u021binut doctoratul, un subiect mediatizat \u0219i ironizat \u0219i de fostul pre\u0219edinte Traian B\u0103sescu.<\/p>\n<p>\u00a0<\/p>\n\n<p>\u00a0<\/p>\n<p><a title=\"@andreuler\" href=\"https:\/\/www.tiktok.com\/@andreuler?refer=embed\" target=\"_blank\">@andreuler<\/a> <a title=\"vadimtudor\" href=\"https:\/\/www.tiktok.com\/tag\/vadimtudor?refer=embed\" target=\"_blank\">#vadimtudor<\/a> <a title=\"ponta\" href=\"https:\/\/www.tiktok.com\/tag\/ponta?refer=embed\" target=\"_blank\">#ponta<\/a> <a title=\"plagiat\" href=\"https:\/\/www.tiktok.com\/tag\/plagiat?refer=embed\" target=\"_blank\">#plagiat<\/a> <a title=\"prezidentiale\" href=\"https:\/\/www.tiktok.com\/tag\/prezidentiale?refer=embed\" target=\"_blank\">#prezidentiale<\/a> <a title=\"fyp\" href=\"https:\/\/www.tiktok.com\/tag\/fyp?refer=embed\" target=\"_blank\">#fyp<\/a> <a title=\"\u266c original sound - Andrei Plop\" href=\"https:\/\/www.tiktok.com\/music\/original-sound-7488468453819108118?refer=embed\" target=\"_blank\">\u266c original sound &#8211; Andrei Plop<\/a><\/p>\n<p>\u00a0<\/p>\n<p>\u00cen campania sa pentru alegerile preziden\u021biale, Victor Ponta a \u021binut s\u0103 se laude cu ceea ce consider\u0103 a fi realiz\u0103rile mandatului s\u0103u de premier.<\/p>\n<p><a title=\"@victorpontaoficial\" href=\"https:\/\/www.tiktok.com\/@victorpontaoficial?refer=embed\" target=\"_blank\">@victorpontaoficial<\/a> CA PRE\u0218EDINTE VOI LUCRA CU UN NOU GUVERN DE OAMENI COMPETEN\u021aI \u0218I PATRIO\u021aI CARE \u021aIN CU ROM\u00c2NIA \u0218I PUN ROM\u00c2NIA PE PRIMUL LOC! <a title=\"romaniapeprimulloc\" href=\"https:\/\/www.tiktok.com\/tag\/romaniapeprimulloc?refer=embed\" target=\"_blank\">#romaniapeprimulloc<\/a> <a title=\"vp6\" href=\"https:\/\/www.tiktok.com\/tag\/vp6?refer=embed\" target=\"_blank\">#vp6<\/a> <a title=\"victorponta\" href=\"https:\/\/www.tiktok.com\/tag\/victorponta?refer=embed\" target=\"_blank\">#victorponta<\/a> <a title=\"\u266c sunet original - VictorPontaOficial\" href=\"https:\/\/www.tiktok.com\/music\/sunet-original-7486187608902191894?refer=embed\" target=\"_blank\">\u266c sunet original &#8211; VictorPontaOficial<\/a><\/p>\n<p>\u00a0<\/p>\n<p>ddaaa<\/p>","protected":false},"excerpt":{"rendered":"<p>@revistaromaniamar \u00a0 \u266c sunet original &#8211; revistaromaniamare \u00a0 Cu pu\u021bin timp \u00eenainte de a muri,&hellip;<\/p>\n","protected":false},"author":0,"featured_media":45234,"comment_status":"open","ping_status":"open","sticky":false,"template":"","format":"standard","meta":{"footnotes":""},"categories":[2],"tags":[],"class_list":["post-45235","post","type-post","status-publish","format-standard","has-post-thumbnail","hentry","category-actual"],"_links":{"self":[{"href":"https:\/\/247stiri.ro\/index.php\/wp-json\/wp\/v2\/posts\/45235","targetHints":{"allow":["GET"]}}],"collection":[{"href":"https:\/\/247stiri.ro\/index.php\/wp-json\/wp\/v2\/posts"}],"about":[{"href":"https:\/\/247stiri.ro\/index.php\/wp-json\/wp\/v2\/types\/post"}],"replies":[{"embeddable":true,"href":"https:\/\/247stiri.ro\/index.php\/wp-json\/wp\/v2\/comments?post=45235"}],"version-history":[{"count":0,"href":"https:\/\/247stiri.ro\/index.php\/wp-json\/wp\/v2\/posts\/45235\/revisions"}],"wp:featuredmedia":[{"embeddable":true,"href":"https:\/\/247stiri.ro\/index.php\/wp-json\/wp\/v2\/media\/45234"}],"wp:attachment":[{"href":"https:\/\/247stiri.ro\/index.php\/wp-json\/wp\/v2\/media?parent=45235"}],"wp:term":[{"taxonomy":"category","embeddable":true,"href":"https:\/\/247stiri.ro\/index.php\/wp-json\/wp\/v2\/categories?post=45235"},{"taxonomy":"post_tag","embeddable":true,"href":"https:\/\/247stiri.ro\/index.php\/wp-json\/wp\/v2\/tags?post=45235"}],"curies":[{"name":"wp","href":"https:\/\/api.w.org\/{rel}","templated":true}]}}