{"id":45238,"date":"2025-04-05T08:44:52","date_gmt":"2025-04-05T08:44:52","guid":{"rendered":"https:\/\/247stiri.ro\/index.php\/2025\/04\/05\/doliu-urias-la-hollywood-inca-o-actrita-din-razboiul-stelelor-si-un-alt-serial-indragit-ne-a-parasit\/"},"modified":"2025-04-05T08:44:52","modified_gmt":"2025-04-05T08:44:52","slug":"doliu-urias-la-hollywood-inca-o-actrita-din-razboiul-stelelor-si-un-alt-serial-indragit-ne-a-parasit","status":"publish","type":"post","link":"https:\/\/247stiri.ro\/index.php\/2025\/04\/05\/doliu-urias-la-hollywood-inca-o-actrita-din-razboiul-stelelor-si-un-alt-serial-indragit-ne-a-parasit\/","title":{"rendered":"Doliu URIA\u0218 la Hollywood. \u00cenc\u0103 o actri\u021b\u0103 din &#8222;R\u0103zboiul Stelelor&#8221; \u0219i un alt serial \u00eendr\u0103git ne-a p\u0103r\u0103sit"},"content":{"rendered":"<p>A murit actri\u021ba emblematic\u0103 Patty Maloney, amintit\u0103 pentru apari\u021biile sale \u00een \u201eLittle House on the Prairie\u201d \u0219i \u201eStar Wars\u201d. Fratele ei, Dave Myrabo, a transmis vestea trist\u0103 pentru The Hollywood Reporter, spun\u00e2nd c\u0103 Patty \u0219i-a pierdut via\u021ba luni, 31 martie. \u201ePentru o persoan\u0103 mic\u0103 care a crescut \u00eentr-o lume at\u00e2t de mare, ea a f\u0103cut tot ce \u0219i-a dorit s\u0103 fac\u0103\u201d, a spus el.<\/p>\n<p>De\u0219i via\u021ba profesional\u0103 a lui Patty Maloney a fost marcat\u0103 de succese, s\u0103n\u0103tatea ei a fost afectat\u0103 de mai multe probleme care i-au limitat capacitatea de a continua s\u0103 lucreze \u00een industria divertismentului. \u00cen 2010, Maloney a primit un diagnostic care i-a schimbat via\u021ba: degenerescen\u021b\u0103 macular\u0103 legat\u0103 de v\u00e2rst\u0103 (AMD).<\/p>\n<p><a title=\"Dezvaluiri SFASIETOARE despre ultimele zile de viata ale lui Val Kilmer. Marele actor n-a mai putut lupta\" href=\"https:\/\/www.realitatea.net\/stiri\/lifestyle\/dezvaluiri-sfasietoare-despre-ultimele-zile-de-viata-ale-lui-val-kilmer-marele-actor-na-mai-putut-lupta_67ee5253a864733c3730f9b2\">Dezv\u0103luiri SF\u00c2\u0218IETOARE despre ultimele zile de via\u021b\u0103 ale lui Val Kilmer. Marele actor n-a mai putut lupta<\/a><a title=\"Ce iubite celebre a avut Val Kilmer. Regretatul actor a sedus cateva dintre cele mai mari dive de la Hollywood\" href=\"https:\/\/www.realitatea.net\/stiri\/monden\/ce-iubite-celebre-a-avut-val-kilmer-regretatul-actor-a-sedus-cateva-dintre-cele-mai-mari-dive-de-la-hollywood_67ed20e8b46a9c47013956b2\">Ce iubite celebre a avut Val Kilmer. Regretatul actor a sedus c\u00e2teva dintre cele mai mari dive de la Hollywood<\/a><\/p>","protected":false},"excerpt":{"rendered":"<p>A murit actri\u021ba emblematic\u0103 Patty Maloney, amintit\u0103 pentru apari\u021biile sale \u00een \u201eLittle House on the&hellip;<\/p>\n","protected":false},"author":0,"featured_media":45239,"comment_status":"open","ping_status":"open","sticky":false,"template":"","format":"standard","meta":{"footnotes":""},"categories":[8],"tags":[],"class_list":["post-45238","post","type-post","status-publish","format-standard","has-post-thumbnail","hentry","category-lifestyle"],"_links":{"self":[{"href":"https:\/\/247stiri.ro\/index.php\/wp-json\/wp\/v2\/posts\/45238","targetHints":{"allow":["GET"]}}],"collection":[{"href":"https:\/\/247stiri.ro\/index.php\/wp-json\/wp\/v2\/posts"}],"about":[{"href":"https:\/\/247stiri.ro\/index.php\/wp-json\/wp\/v2\/types\/post"}],"replies":[{"embeddable":true,"href":"https:\/\/247stiri.ro\/index.php\/wp-json\/wp\/v2\/comments?post=45238"}],"version-history":[{"count":0,"href":"https:\/\/247stiri.ro\/index.php\/wp-json\/wp\/v2\/posts\/45238\/revisions"}],"wp:featuredmedia":[{"embeddable":true,"href":"https:\/\/247stiri.ro\/index.php\/wp-json\/wp\/v2\/media\/45239"}],"wp:attachment":[{"href":"https:\/\/247stiri.ro\/index.php\/wp-json\/wp\/v2\/media?parent=45238"}],"wp:term":[{"taxonomy":"category","embeddable":true,"href":"https:\/\/247stiri.ro\/index.php\/wp-json\/wp\/v2\/categories?post=45238"},{"taxonomy":"post_tag","embeddable":true,"href":"https:\/\/247stiri.ro\/index.php\/wp-json\/wp\/v2\/tags?post=45238"}],"curies":[{"name":"wp","href":"https:\/\/api.w.org\/{rel}","templated":true}]}}