{"id":45259,"date":"2025-04-05T10:44:53","date_gmt":"2025-04-05T10:44:53","guid":{"rendered":"https:\/\/247stiri.ro\/index.php\/2025\/04\/05\/se-strica-vremea-si-in-bucuresti-ploi-si-frig-in-urmatoarele-zile-temperatura-maxima-nu-va-mai-trece-de-8-grade\/"},"modified":"2025-04-05T10:44:53","modified_gmt":"2025-04-05T10:44:53","slug":"se-strica-vremea-si-in-bucuresti-ploi-si-frig-in-urmatoarele-zile-temperatura-maxima-nu-va-mai-trece-de-8-grade","status":"publish","type":"post","link":"https:\/\/247stiri.ro\/index.php\/2025\/04\/05\/se-strica-vremea-si-in-bucuresti-ploi-si-frig-in-urmatoarele-zile-temperatura-maxima-nu-va-mai-trece-de-8-grade\/","title":{"rendered":"Se stric\u0103 VREMEA \u0219i \u00een Bucure\u0219ti. Ploi \u0219i frig \u00een urm\u0103toarele zile, temperatura maxim\u0103 nu va mai trece de 8 grade"},"content":{"rendered":"<p>Astfel, de duminic\u0103 diminea\u021b\u0103, de la ora 10:00, valorile termice vor sc\u0103dea semnificativ \u00een Bucure\u0219ti, astfel c\u0103 vremea va deveni deosebit de rece pentru prima decad\u0103 a lunii aprilie; temperatura maxim\u0103 va fi de 6 &#8211; 7 grade, iar cea minim\u0103 \u00een jur de un grad.Cerul va fi mai mult noros \u0219i va ploua pe parcursul zilei, iar noaptea vor fi precipita\u021bii mixte. V\u00e2ntul va sufla \u00een general moderat.<\/p>\n<p><a href=\"https:\/\/www.realitatea.net\/stiri\/actual\/revine-iarna-in-romania-un-val-de-frig-va-afecta-intreaga-tara-in-orele-urmatoare-harta_67f0ce0e4fd2855fac1ad404\" target=\"_blank\">Revine IARNA \u00een Rom\u00e2nia. Un val de frig va cuprinde \u00eentreaga \u021bar\u0103, ANM a emis noi coduri GALBENE. Vezi primele zone afectate- HARTA<\/a><\/p>\n<p>\u00cen plus, \u00een Bucure\u0219ti, \u00een intervalul 7 aprilie, ora 10:00 &#8211; 7 aprilie, ora 18:00, vremea se va men\u021bine deosebit de rece pentru aceast\u0103 perioad\u0103 din an, cu cerul mai mult noros \u0219i temporar cu precipita\u021bii mixte, \u00een timp ce temperatura maxim\u0103 nu va dep\u0103\u0219i 8 grade Celsius.<\/p>","protected":false},"excerpt":{"rendered":"<p>Astfel, de duminic\u0103 diminea\u021b\u0103, de la ora 10:00, valorile termice vor sc\u0103dea semnificativ \u00een Bucure\u0219ti,&hellip;<\/p>\n","protected":false},"author":0,"featured_media":45260,"comment_status":"open","ping_status":"open","sticky":false,"template":"","format":"standard","meta":{"footnotes":""},"categories":[2],"tags":[],"class_list":["post-45259","post","type-post","status-publish","format-standard","has-post-thumbnail","hentry","category-actual"],"_links":{"self":[{"href":"https:\/\/247stiri.ro\/index.php\/wp-json\/wp\/v2\/posts\/45259","targetHints":{"allow":["GET"]}}],"collection":[{"href":"https:\/\/247stiri.ro\/index.php\/wp-json\/wp\/v2\/posts"}],"about":[{"href":"https:\/\/247stiri.ro\/index.php\/wp-json\/wp\/v2\/types\/post"}],"replies":[{"embeddable":true,"href":"https:\/\/247stiri.ro\/index.php\/wp-json\/wp\/v2\/comments?post=45259"}],"version-history":[{"count":0,"href":"https:\/\/247stiri.ro\/index.php\/wp-json\/wp\/v2\/posts\/45259\/revisions"}],"wp:featuredmedia":[{"embeddable":true,"href":"https:\/\/247stiri.ro\/index.php\/wp-json\/wp\/v2\/media\/45260"}],"wp:attachment":[{"href":"https:\/\/247stiri.ro\/index.php\/wp-json\/wp\/v2\/media?parent=45259"}],"wp:term":[{"taxonomy":"category","embeddable":true,"href":"https:\/\/247stiri.ro\/index.php\/wp-json\/wp\/v2\/categories?post=45259"},{"taxonomy":"post_tag","embeddable":true,"href":"https:\/\/247stiri.ro\/index.php\/wp-json\/wp\/v2\/tags?post=45259"}],"curies":[{"name":"wp","href":"https:\/\/api.w.org\/{rel}","templated":true}]}}