{"id":45261,"date":"2025-04-05T10:44:54","date_gmt":"2025-04-05T10:44:54","guid":{"rendered":"https:\/\/247stiri.ro\/index.php\/2025\/04\/05\/ciolacu-da-cartile-pe-fata-despre-ciuca-cea-mai-mizerabila-campanie-dupa-cum-a-dat-drumul-la-anumite-lucruri-mi-e-greu-sa-mai-am-un-dialog\/"},"modified":"2025-04-05T10:44:54","modified_gmt":"2025-04-05T10:44:54","slug":"ciolacu-da-cartile-pe-fata-despre-ciuca-cea-mai-mizerabila-campanie-dupa-cum-a-dat-drumul-la-anumite-lucruri-mi-e-greu-sa-mai-am-un-dialog","status":"publish","type":"post","link":"https:\/\/247stiri.ro\/index.php\/2025\/04\/05\/ciolacu-da-cartile-pe-fata-despre-ciuca-cea-mai-mizerabila-campanie-dupa-cum-a-dat-drumul-la-anumite-lucruri-mi-e-greu-sa-mai-am-un-dialog\/","title":{"rendered":"Ciolacu d\u0103 c\u0103r\u021bile pe fa\u021b\u0103 despre CIUC\u0102. &#8222;Cea mai mizerabil\u0103 campanie. Dup\u0103 cum a dat drumul la anumite lucruri, mi-e greu s\u0103 mai am un dialog!&#8221;"},"content":{"rendered":"<p>Invitat \u00eentr-o emisiune de dezbatere electoral\u0103, liderul PSD a r\u0103suns c\u00e2t se poate de tran\u0219at c\u00e2nd a fost \u00eentrebat dac\u0103-i lipse\u0219te Nicolae Ciuc\u0103, fost partener si, uleterior, consracadidat \u00een curs\u0103 pentru pre\u0219edinia \u021b\u0103rii.<\/p>\n<p>&#8222;Marcel Ciolacu: Nu. Absolut deloc.<\/p>\n<p>Realizator: Absolut deloc?<\/p>\n<p>Marcel Ciolacu:\u00a0Am motivele mele \u015fi nu vreau s\u0103 le detaliez.<\/p>\n<p>Realizator: De ce? A\u015f fi curios, era\u0163i prieteni la un moment dat.<\/p>\n<p>Marcel Ciolacu:\u00a0Eu cred c\u0103 a fost cea mai mizerabil\u0103 campanie pentru func\u0163ia de pre\u015fedinte dup\u0103 Revolu\u0163ie \u015fi, dup\u0103 cum a dat drumul domnul Ciuc\u0103 la anumite lucruri, mi-e greu s\u0103 mai am un dialog.<\/p>\n<p>Insider politic: N-a\u0163i mai discutat dup\u0103 alegerile preziden\u0163iale?\u00a0<\/p>\n<p>Marcel Ciolacu: Nu. Absolut deloc.&#8221; a declarat premierul, citat de news.ro.<\/p>\n<p>Ulterior, Ciolacu a fost \u00eentrebat \u0219i dac\u0103 lstie de ce NIcoale CIuc\u0103 a demisionat din Parlament, dar a preciat c\u0103 nu tie \u0219i\u00a0 nici nu-l intereeaz\u0103<\/p>\n<p>Dup\u0103 formarea coali\u021biei PSD-PNL, \u00een 2021, Nicolae Ciuc\u0103 \u0219i Marcel Ciolacu au asigurat rota\u021bia la \u0219efia guvernului, iar la un moment dat, \u00eenaintea alegerilor din 2024, s-a vehiculat ideea duetului Ciuc\u0103-pre\u0219edinte, Ciolacu-premier. \u00cen cele din urm\u0103, cei doi politicieni au candidat la pre\u0219edin\u021bie \u0219i niciunul nu a ajuns \u00een turul doi.<\/p>\n<p>La scrutinul preziden\u021bial, at\u00e2t Marcel Ciolacu, c\u00e2t \u015fi Nicolae Ciuc\u0103 au ratat turul doi. La scurt timp, Ciuc\u0103 a demisionat \u015fi din fruntea PNL \u015fi din Parlament.<\/p>","protected":false},"excerpt":{"rendered":"<p>Invitat \u00eentr-o emisiune de dezbatere electoral\u0103, liderul PSD a r\u0103suns c\u00e2t se poate de tran\u0219at&hellip;<\/p>\n","protected":false},"author":0,"featured_media":45256,"comment_status":"open","ping_status":"open","sticky":false,"template":"","format":"standard","meta":{"footnotes":""},"categories":[2],"tags":[],"class_list":["post-45261","post","type-post","status-publish","format-standard","has-post-thumbnail","hentry","category-actual"],"_links":{"self":[{"href":"https:\/\/247stiri.ro\/index.php\/wp-json\/wp\/v2\/posts\/45261","targetHints":{"allow":["GET"]}}],"collection":[{"href":"https:\/\/247stiri.ro\/index.php\/wp-json\/wp\/v2\/posts"}],"about":[{"href":"https:\/\/247stiri.ro\/index.php\/wp-json\/wp\/v2\/types\/post"}],"replies":[{"embeddable":true,"href":"https:\/\/247stiri.ro\/index.php\/wp-json\/wp\/v2\/comments?post=45261"}],"version-history":[{"count":0,"href":"https:\/\/247stiri.ro\/index.php\/wp-json\/wp\/v2\/posts\/45261\/revisions"}],"wp:featuredmedia":[{"embeddable":true,"href":"https:\/\/247stiri.ro\/index.php\/wp-json\/wp\/v2\/media\/45256"}],"wp:attachment":[{"href":"https:\/\/247stiri.ro\/index.php\/wp-json\/wp\/v2\/media?parent=45261"}],"wp:term":[{"taxonomy":"category","embeddable":true,"href":"https:\/\/247stiri.ro\/index.php\/wp-json\/wp\/v2\/categories?post=45261"},{"taxonomy":"post_tag","embeddable":true,"href":"https:\/\/247stiri.ro\/index.php\/wp-json\/wp\/v2\/tags?post=45261"}],"curies":[{"name":"wp","href":"https:\/\/api.w.org\/{rel}","templated":true}]}}