{"id":45262,"date":"2025-04-05T10:44:54","date_gmt":"2025-04-05T10:44:54","guid":{"rendered":"https:\/\/247stiri.ro\/index.php\/2025\/04\/05\/anaf-a-pus-ochii-pe-romanii-care-si-inchriaza-locuintele-ce-risca-cei-care-nu-declara-veniturile\/"},"modified":"2025-04-05T10:44:54","modified_gmt":"2025-04-05T10:44:54","slug":"anaf-a-pus-ochii-pe-romanii-care-si-inchriaza-locuintele-ce-risca-cei-care-nu-declara-veniturile","status":"publish","type":"post","link":"https:\/\/247stiri.ro\/index.php\/2025\/04\/05\/anaf-a-pus-ochii-pe-romanii-care-si-inchriaza-locuintele-ce-risca-cei-care-nu-declara-veniturile\/","title":{"rendered":"ANAF a pus ochii pe rom\u00e2nii care-\u0219i \u00eenchriaz\u0103 locuin\u021bele. Ce risc\u0103 cei care nu declar\u0103 veniturile?"},"content":{"rendered":"<p>ANAF a transmis notific\u0103ri \u0219i a \u00eenceput verific\u0103rile pentru aproximativ 200 de persoane fizice care, \u00een 2023, au \u00eencasat circa 80 de milioane de lei din \u00eenchirieri \u00een regim hotelier.<\/p>\n<p>Alte 5.000 de contribuabili sunt viza\u021bi pentru venituri totale de aproximativ 150 de milioane de lei, cu suspiciunea c\u0103 o parte semnificativ\u0103 din aceste sume nu a fost declarat\u0103, scrie Unirea.<\/p>\n<p><a href=\"https:\/\/www.realitatea.net\/stiri\/actual\/anaf-a-dat-iama-peste-firmele-de-ride-sharing-prejudiciu-de-peste-35-milioane-de-lei-la-o-companie-care-actiona-in-bucuresti_67ea58346215c50c8e22a709\" target=\"_blank\">ANAF a dat iama peste firmele de ride sharing<\/a><\/p>\n<p>Conform noilor reglement\u0103ri, contribuabilii care ob\u021bin venituri din cedarea folosin\u021bei bunurilor personale sunt obliga\u021bi s\u0103 \u00eenregistreze contractul de \u00eenchiriere la organul fiscal competent \u00een cel mult 30 de zile de la semnare sau de la modificarea acestuia.<\/p>\n<p>Totodat\u0103, \u00een cazul bunurilor de\u021binute \u00een comun, devine obligatorie desemnarea responsabilului pentru \u00eenregistrarea contractului de \u00eenchiriere. Mai exact, dac\u0103 bunul \u00eenchiriat este de\u021binut \u00een comun, prin contractul de \u00eenchiriere sau prin actul de modificare a acestuia, trebuie desemnat proprietarul, uzufructuarul sau alt de\u021bin\u0103tor legal care va \u00eendeplini obliga\u021bia \u00eenregistr\u0103rii contractului la ANAF.<\/p>\n<p><a href=\"https:\/\/www.realitatea.net\/stiri\/actual\/anaf-inchide-serviciile-online-pentru-lucrari-de-mentenanta-in-ce-fel-pot-fi-afectati-utilizatorii_67ee3de7821e17326240c433\" target=\"_blank\">ANAF \u00eenchide serviciile online pentru lucr\u0103ri de mentenan\u021b\u0103. \u00cen ce fel pot fi afecta\u021bi utilizatorii?<\/a><\/p>","protected":false},"excerpt":{"rendered":"<p>ANAF a transmis notific\u0103ri \u0219i a \u00eenceput verific\u0103rile pentru aproximativ 200 de persoane fizice care,&hellip;<\/p>\n","protected":false},"author":0,"featured_media":45263,"comment_status":"open","ping_status":"open","sticky":false,"template":"","format":"standard","meta":{"footnotes":""},"categories":[2],"tags":[],"class_list":["post-45262","post","type-post","status-publish","format-standard","has-post-thumbnail","hentry","category-actual"],"_links":{"self":[{"href":"https:\/\/247stiri.ro\/index.php\/wp-json\/wp\/v2\/posts\/45262","targetHints":{"allow":["GET"]}}],"collection":[{"href":"https:\/\/247stiri.ro\/index.php\/wp-json\/wp\/v2\/posts"}],"about":[{"href":"https:\/\/247stiri.ro\/index.php\/wp-json\/wp\/v2\/types\/post"}],"replies":[{"embeddable":true,"href":"https:\/\/247stiri.ro\/index.php\/wp-json\/wp\/v2\/comments?post=45262"}],"version-history":[{"count":0,"href":"https:\/\/247stiri.ro\/index.php\/wp-json\/wp\/v2\/posts\/45262\/revisions"}],"wp:featuredmedia":[{"embeddable":true,"href":"https:\/\/247stiri.ro\/index.php\/wp-json\/wp\/v2\/media\/45263"}],"wp:attachment":[{"href":"https:\/\/247stiri.ro\/index.php\/wp-json\/wp\/v2\/media?parent=45262"}],"wp:term":[{"taxonomy":"category","embeddable":true,"href":"https:\/\/247stiri.ro\/index.php\/wp-json\/wp\/v2\/categories?post=45262"},{"taxonomy":"post_tag","embeddable":true,"href":"https:\/\/247stiri.ro\/index.php\/wp-json\/wp\/v2\/tags?post=45262"}],"curies":[{"name":"wp","href":"https:\/\/api.w.org\/{rel}","templated":true}]}}