{"id":45274,"date":"2025-04-05T12:44:50","date_gmt":"2025-04-05T12:44:50","guid":{"rendered":"https:\/\/247stiri.ro\/index.php\/2025\/04\/05\/legalitatea-candidaturii-lui-nicusor-dan-contestata-de-un-fost-contracandidat-la-functia-de-primar-general-al-capitalei\/"},"modified":"2025-04-05T12:44:50","modified_gmt":"2025-04-05T12:44:50","slug":"legalitatea-candidaturii-lui-nicusor-dan-contestata-de-un-fost-contracandidat-la-functia-de-primar-general-al-capitalei","status":"publish","type":"post","link":"https:\/\/247stiri.ro\/index.php\/2025\/04\/05\/legalitatea-candidaturii-lui-nicusor-dan-contestata-de-un-fost-contracandidat-la-functia-de-primar-general-al-capitalei\/","title":{"rendered":"Legalitatea candidaturii lui Nicu\u0219or Dan, contestat\u0103 de un fost contracandidat la func\u021bia de primar general al Capitalei"},"content":{"rendered":"<p>Legalitatea candidaturii lui Nicu\u0219or Dan la pre\u0219edin\u021biei este contestat\u0103 de un fost competitor la aceast\u0103 func\u021bie, la scrutinul anulat din toamna anului trecut. \u00centr-o interven\u021bie la Realitatea Plus, Alexandru P\u00e2ni\u0219oar\u0103 a explicat motiva\u021bia demersului s\u0103u, despre care spune c\u0103 ar fi fost respins nejustificat de c\u0103tre CCR.<\/p>\n<p>\u00centr-o postare pe re\u021belele de socializare, P\u00e2ni\u0219oar\u0103 a invocat o serie de argumente, precum o presupus\u0103 colaborare cu Securitatea, a edilului general al Capitalei dar \u0219i cu oameni de afaceri afla\u021bi \u00een rela\u021bii \u0219i sfera de influen\u021b\u0103 a Rusiei. \u00cen plus, contestatarul a sugerat c\u0103 sesizarea depus\u0103 la CCR \u00eempotriva candidaturii lui Nicu\u0219or Dan ar fi fost respins\u0103 pe nedrept.<\/p>\n<p>&#8222;Am depus contesta\u021bie pe 10 martie, \u00een ultima zi \u00een care se puteau depune contesta\u021bii, la ora 21:35. A fost validat \u0219i i s-a permis intrarea \u00een curs\u0103 f\u0103r\u0103 a se lua \u00een discu\u021bie contesta\u021bia mea, pe motiv c\u0103 ar fi fost depus\u0103 tardive. Aceasta a fost temeinic fundamentat\u0103, sunt 30 de pagini \u00een care vorbesc \u0219i despre leg\u0103turile cu Federa\u021bia Rus\u0103&#8221;, a declarat Alexandru P\u00e2ni\u0219oar\u0103, \u00eentr-o interven\u021bie la Realitatea Plus.<\/p>\n<p>Contestatarul lui Nicu\u0219or Dan a precizat c\u0103 are de c\u00e2nd s\u0103 se adreseze instan\u021belor interna\u021bionale\u00a0<\/p>\n<p>Jurnali\u0219tii postului TV au \u00eencercat s\u0103 ia leg\u0103tura \u0219i cu Nicu\u0219or Dan, pentru a ob\u021bine o reac\u021bie, dar nu au reu\u0219it.<\/p>","protected":false},"excerpt":{"rendered":"<p>Legalitatea candidaturii lui Nicu\u0219or Dan la pre\u0219edin\u021biei este contestat\u0103 de un fost competitor la aceast\u0103&hellip;<\/p>\n","protected":false},"author":0,"featured_media":45273,"comment_status":"open","ping_status":"open","sticky":false,"template":"","format":"standard","meta":{"footnotes":""},"categories":[2],"tags":[],"class_list":["post-45274","post","type-post","status-publish","format-standard","has-post-thumbnail","hentry","category-actual"],"_links":{"self":[{"href":"https:\/\/247stiri.ro\/index.php\/wp-json\/wp\/v2\/posts\/45274","targetHints":{"allow":["GET"]}}],"collection":[{"href":"https:\/\/247stiri.ro\/index.php\/wp-json\/wp\/v2\/posts"}],"about":[{"href":"https:\/\/247stiri.ro\/index.php\/wp-json\/wp\/v2\/types\/post"}],"replies":[{"embeddable":true,"href":"https:\/\/247stiri.ro\/index.php\/wp-json\/wp\/v2\/comments?post=45274"}],"version-history":[{"count":0,"href":"https:\/\/247stiri.ro\/index.php\/wp-json\/wp\/v2\/posts\/45274\/revisions"}],"wp:featuredmedia":[{"embeddable":true,"href":"https:\/\/247stiri.ro\/index.php\/wp-json\/wp\/v2\/media\/45273"}],"wp:attachment":[{"href":"https:\/\/247stiri.ro\/index.php\/wp-json\/wp\/v2\/media?parent=45274"}],"wp:term":[{"taxonomy":"category","embeddable":true,"href":"https:\/\/247stiri.ro\/index.php\/wp-json\/wp\/v2\/categories?post=45274"},{"taxonomy":"post_tag","embeddable":true,"href":"https:\/\/247stiri.ro\/index.php\/wp-json\/wp\/v2\/tags?post=45274"}],"curies":[{"name":"wp","href":"https:\/\/api.w.org\/{rel}","templated":true}]}}