{"id":45277,"date":"2025-04-05T13:44:49","date_gmt":"2025-04-05T13:44:49","guid":{"rendered":"https:\/\/247stiri.ro\/index.php\/2025\/04\/05\/sofer-de-camion-bagat-in-spital-de-un-localnic-dintr-o-localitate-damboviteana-de-la-ce-a-plecat-totul\/"},"modified":"2025-04-05T13:44:49","modified_gmt":"2025-04-05T13:44:49","slug":"sofer-de-camion-bagat-in-spital-de-un-localnic-dintr-o-localitate-damboviteana-de-la-ce-a-plecat-totul","status":"publish","type":"post","link":"https:\/\/247stiri.ro\/index.php\/2025\/04\/05\/sofer-de-camion-bagat-in-spital-de-un-localnic-dintr-o-localitate-damboviteana-de-la-ce-a-plecat-totul\/","title":{"rendered":"\u0218ofer de camion, b\u0103gat \u00een spital de un localnic, dintr-o localitate d\u00e2mbovi\u021bean\u0103. De la ce a plecat totul?"},"content":{"rendered":"<p>Potrivit Inspectoratului de Poli\u0163ie Jude\u0163ean D\u00e2mbovi\u0163a, poli\u0163i\u015ftii din cadrul Sec\u0163iei nr. 13 Poli\u0163ie Rural\u0103 Titu au fost sesiza\u0163i, s\u00e2mb\u0103t\u0103, de un t\u00e2n\u0103r de 23 de ani, din jude\u0163ul Ialomi\u0163a, care a reclamat c\u0103 a fost agresat fizic, \u00een localitatea Moara Nou\u0103.<\/p>\n<p>\u201d\u00cen urma cercet\u0103rilor efectuate, poli\u0163i\u015ftii au stabilit c\u0103, anterior incidentului, o femeie de 30 de ani, din comuna Brani\u015ftea, \u00een timp ce ar fi condus un autoturism pe drumul jude\u0163ean 701, \u00een afara localit\u0103\u0163ii Brani\u015ftea, ar fi pierdut controlul asupra direc\u0163iei de deplasare, p\u0103r\u0103sind partea carosabil\u0103. Accidentul s-ar fi produs \u00eentr-o zon\u0103 unde pe carosabil se aflau agregate minerale c\u0103zute dintr-un ansamblu de vehicule. \u015eoferi\u0163a a fost r\u0103nit\u0103, fiind transportat\u0103 la spital \u00een vederea acord\u0103rii de \u00eengrijiri medicale\u201d, a ar\u0103tat sursa citat\u0103.<\/p>\n<p>Dup\u0103 accident, \u00een timp ce t\u00e2n\u0103rul de 23 de ani, conduc\u0103torul ansamblului de vehicule, s-ar fi aflat oprit \u00een afara p\u0103r\u0163ii carosabile pentru a remedia defec\u0163iunile, un b\u0103rbat de 54 de ani, din comuna S\u0103lcioara, ar fi ajunjs acolo \u015fi, pe fondul unui conflict spontan, l-ar fi agresat fizic.<\/p>\n<p>Victima a fost transportat\u0103 la spital \u00een vederea acord\u0103rii de \u00eengrijiri medicale.<\/p>\n<p>B\u0103rbatul de 54 de ani a fost sanc\u0163ionat contraven\u0163ional conform prevederilor Legii nr. 61\/1991, republicat\u0103, pentru s\u0103v\u00e2r\u015firea \u00een public de fapte de natur\u0103 s\u0103 tulbure ordinea \u015fi lini\u015ftea public\u0103, precum \u015fi pentru refuzul de a furniza date pentru stabilirea identit\u0103\u0163ii.<\/p>\n<p>De asemenea, \u015foferul ansamblului de vehicule va fi sanc\u0163ionat contraven\u0163ional pentru neasigurarea corespunz\u0103toare a \u00eenc\u0103rc\u0103turii, conform legisla\u0163iei \u00een vigoare.<\/p>\n<p>Poli\u0163i\u015ftii au deschis un dosar penal \u00een acest caz pentru lovire sau alte violen\u0163e, fapt\u0103 prev\u0103zut\u0103 de art. 193 din Codul penal, \u015fi continu\u0103 cercet\u0103rile pentru stabilirea cu exactitate a tuturor circumstan\u0163elor producerii\u00a0evenimentelor.<\/p>","protected":false},"excerpt":{"rendered":"<p>Potrivit Inspectoratului de Poli\u0163ie Jude\u0163ean D\u00e2mbovi\u0163a, poli\u0163i\u015ftii din cadrul Sec\u0163iei nr. 13 Poli\u0163ie Rural\u0103 Titu&hellip;<\/p>\n","protected":false},"author":0,"featured_media":45278,"comment_status":"open","ping_status":"open","sticky":false,"template":"","format":"standard","meta":{"footnotes":""},"categories":[2],"tags":[],"class_list":["post-45277","post","type-post","status-publish","format-standard","has-post-thumbnail","hentry","category-actual"],"_links":{"self":[{"href":"https:\/\/247stiri.ro\/index.php\/wp-json\/wp\/v2\/posts\/45277","targetHints":{"allow":["GET"]}}],"collection":[{"href":"https:\/\/247stiri.ro\/index.php\/wp-json\/wp\/v2\/posts"}],"about":[{"href":"https:\/\/247stiri.ro\/index.php\/wp-json\/wp\/v2\/types\/post"}],"replies":[{"embeddable":true,"href":"https:\/\/247stiri.ro\/index.php\/wp-json\/wp\/v2\/comments?post=45277"}],"version-history":[{"count":0,"href":"https:\/\/247stiri.ro\/index.php\/wp-json\/wp\/v2\/posts\/45277\/revisions"}],"wp:featuredmedia":[{"embeddable":true,"href":"https:\/\/247stiri.ro\/index.php\/wp-json\/wp\/v2\/media\/45278"}],"wp:attachment":[{"href":"https:\/\/247stiri.ro\/index.php\/wp-json\/wp\/v2\/media?parent=45277"}],"wp:term":[{"taxonomy":"category","embeddable":true,"href":"https:\/\/247stiri.ro\/index.php\/wp-json\/wp\/v2\/categories?post=45277"},{"taxonomy":"post_tag","embeddable":true,"href":"https:\/\/247stiri.ro\/index.php\/wp-json\/wp\/v2\/tags?post=45277"}],"curies":[{"name":"wp","href":"https:\/\/api.w.org\/{rel}","templated":true}]}}