{"id":45279,"date":"2025-04-05T13:44:50","date_gmt":"2025-04-05T13:44:50","guid":{"rendered":"https:\/\/247stiri.ro\/index.php\/2025\/04\/05\/crima-la-marginea-capitalei-barbat-aruncat-de-la-etajul-5-politistii-au-prins-un-suspect\/"},"modified":"2025-04-05T13:44:50","modified_gmt":"2025-04-05T13:44:50","slug":"crima-la-marginea-capitalei-barbat-aruncat-de-la-etajul-5-politistii-au-prins-un-suspect","status":"publish","type":"post","link":"https:\/\/247stiri.ro\/index.php\/2025\/04\/05\/crima-la-marginea-capitalei-barbat-aruncat-de-la-etajul-5-politistii-au-prins-un-suspect\/","title":{"rendered":"Crim\u0103 la marginea Capitalei. B\u0103rbat aruncat de la etajul 5. Poli\u021bi\u0219tii au prins un suspect"},"content":{"rendered":"<p>Un b\u0103rbat \u00een v\u00e2rst\u0103 de 49 de ani a murit dup\u0103 ce a c\u0103zut de la etajul al cincilea al unui bloc din Chiajna. \u00cen urma verific\u0103rilor, anchetatorii au stabilit c\u0103 exist\u0103 suspiciuni de omor. Totodat\u0103, un b\u0103rbat de 22 de ani a fost arestat preventiv, sub aspectul s\u0103v\u00e2r\u0219irii infrac\u021biunii de omor.<\/p>\n<p>Poli\u021bi\u0219tii din Chitila au fost sesiza\u021bi vineri, 4 aprilie, \u00een jurul orei 11:00, cu privire la faptul c\u0103 o persoan\u0103 s-ar fi aruncat de la etajul 5 al unui bloc din Chiajna.<\/p>\n<p>Ajun\u0219i la fa\u021ba locului, poli\u021bi\u0219tii au g\u0103sit incon\u0219tient un b\u0103rbat de 49 de ani, care a suferit mai multe leziuni, a transmis, s\u00e2mb\u0103t\u0103, IPJ Ilfov.<\/p>\n<p>\u201eLa data de 04 aprilie a.c., \u00een jurul orei 11.00, poli\u0163i\u015fti din cadrul Poli\u021biei Ora\u0219ului Chitila au fost sesiza\u021bi prin SNUAU 112 cu privire la faptul c\u0103 \u00een comuna Chiajna, o persoan\u0103 s-ar fi aruncat de la etajul 5 al unui bloc. \u00cen baza sesiz\u0103rii, poli\u021bi\u0219tii s-au deplasat la fa\u021ba locului unde a fost g\u0103sit incon\u0219tient un b\u0103rbat de 49 de ani, care a suferit mai multe leziuni la nivelul corpului\u201d, arat\u0103 Poli\u021bia.<\/p>\n<p>Sursa citat\u0103 a precizat c\u0103 echipajele medicale ajunse la fa\u021ba locului au constatat decesul b\u0103rbatului.<\/p>\n<p>Cazul a fost preluat de poli\u021bi\u0219tii din cadrul Serviciului de Investiga\u021bii Criminale Ilfov, iar \u00een urma activit\u0103\u021bilor investigativ-operative, ar fi rezultat indicii cu privire la s\u0103v\u00e2r\u0219irea infrac\u021biunii de omor, \u00een cauz\u0103 fiind deschis dosar de urm\u0103rire penal\u0103 \u00een care se efectueaz\u0103 cercet\u0103ri sub aspectul s\u0103v\u00e2r\u0219irii infrac\u021biunii de omor.<\/p>\n<p>\u00cen urma verific\u0103rilor f\u0103cute de anchetatori, ace\u0219tia au stabilit c\u0103 exist\u0103 suspiciuni de omor. Vineri, 4\u00a0aprilie, un b\u0103rbat de 22 de ani a fost re\u021binut pentru 24 de ore, sub aspectul s\u0103v\u00e2r\u0219irii infrac\u021biunii de omor, a mai transmis IPJ Ilfov, potrivit presei.<\/p>\n<p>\u201eLa data de 04 aprilie a.c., a fost re\u0163inut pentru 24 de ore, un b\u0103rbat de 22 de ani, sub aspectul s\u0103v\u00e2r\u015firii infrac\u0163iunii de omor, cercet\u0103rile fiind continuate \u00een competen\u0163\u0103 exclusiv\u0103 a procurorului de caz din cadrul Parchetului de pe l\u00e2ng\u0103 Tribunalul Ilfov.<\/p>\n<p>Ast\u0103zi, 05 aprilie a.c., \u00een urma \u00eentregirii materialului probator, b\u0103rbatul de 22 de ani a fost prezentat Tribunalului Ilfov, care a dispus m\u0103sura arest\u0103rii preventive pentru 30 de zile\u201d, arat\u0103 organele de anchet\u0103.<\/p>","protected":false},"excerpt":{"rendered":"<p>Un b\u0103rbat \u00een v\u00e2rst\u0103 de 49 de ani a murit dup\u0103 ce a c\u0103zut de&hellip;<\/p>\n","protected":false},"author":0,"featured_media":45280,"comment_status":"open","ping_status":"open","sticky":false,"template":"","format":"standard","meta":{"footnotes":""},"categories":[2],"tags":[],"class_list":["post-45279","post","type-post","status-publish","format-standard","has-post-thumbnail","hentry","category-actual"],"_links":{"self":[{"href":"https:\/\/247stiri.ro\/index.php\/wp-json\/wp\/v2\/posts\/45279","targetHints":{"allow":["GET"]}}],"collection":[{"href":"https:\/\/247stiri.ro\/index.php\/wp-json\/wp\/v2\/posts"}],"about":[{"href":"https:\/\/247stiri.ro\/index.php\/wp-json\/wp\/v2\/types\/post"}],"replies":[{"embeddable":true,"href":"https:\/\/247stiri.ro\/index.php\/wp-json\/wp\/v2\/comments?post=45279"}],"version-history":[{"count":0,"href":"https:\/\/247stiri.ro\/index.php\/wp-json\/wp\/v2\/posts\/45279\/revisions"}],"wp:featuredmedia":[{"embeddable":true,"href":"https:\/\/247stiri.ro\/index.php\/wp-json\/wp\/v2\/media\/45280"}],"wp:attachment":[{"href":"https:\/\/247stiri.ro\/index.php\/wp-json\/wp\/v2\/media?parent=45279"}],"wp:term":[{"taxonomy":"category","embeddable":true,"href":"https:\/\/247stiri.ro\/index.php\/wp-json\/wp\/v2\/categories?post=45279"},{"taxonomy":"post_tag","embeddable":true,"href":"https:\/\/247stiri.ro\/index.php\/wp-json\/wp\/v2\/tags?post=45279"}],"curies":[{"name":"wp","href":"https:\/\/api.w.org\/{rel}","templated":true}]}}