{"id":45340,"date":"2025-04-06T05:44:54","date_gmt":"2025-04-06T05:44:54","guid":{"rendered":"https:\/\/247stiri.ro\/index.php\/2025\/04\/06\/razboi-in-ucraina-ziua-1138-zi-de-doliu-national-dupa-masacrul-de-la-krivoi-rog-in-care-au-murit-si-copii\/"},"modified":"2025-04-06T05:44:54","modified_gmt":"2025-04-06T05:44:54","slug":"razboi-in-ucraina-ziua-1138-zi-de-doliu-national-dupa-masacrul-de-la-krivoi-rog-in-care-au-murit-si-copii","status":"publish","type":"post","link":"https:\/\/247stiri.ro\/index.php\/2025\/04\/06\/razboi-in-ucraina-ziua-1138-zi-de-doliu-national-dupa-masacrul-de-la-krivoi-rog-in-care-au-murit-si-copii\/","title":{"rendered":"R\u0103zboi \u00een Ucraina, ziua 1138. Zi de doliu na\u021bional dup\u0103 masacrul de la Krivoi Rog, \u00een care au murit \u0219i copii"},"content":{"rendered":"<p>UPDATE 8:00 Zi de doliu na\u021bional, dup\u0103 tragicul atac rusesc asupra ora\u015fului natal al pre\u015fedintelui Zelenski<\/p>\n<p>Duminic\u0103 este zi de doliu na\u021bional \u00een Ucraina, iar steagurile sunt cobor\u00e2te \u00een bern\u0103, ca urmare a atacului rusesc asupra ora\u0219ului Krivoi Rog, ora\u015ful natal al pre\u015fedintelui s\u0103u\u00a0<a href=\"https:\/\/www.stiripesurse.ro\/cauta?s=Volodimir+Zelenski\">Volodimir Zelenski<\/a>, situat \u00een centrul \u0163\u0103rii, care a provocat moartea a cel pu\u021bin 19 persoane, inclusiv 9 copii, informeaz\u0103 Mediafax.<\/p>\n<p>UPDATE: &#8211; Zelenski, \u00een discursul s\u0103u de s\u00e2mb\u0103t\u0103 sear\u0103: \u201eEste gre\u015fit \u015fi periculos s\u0103 se p\u0103streze t\u0103cerea cu privire la faptul c\u0103 Rusia ucide copii cu rachete balistice<\/p>\n<p>\u201eTuturor celor care v\u0103d acest lucru \u015fi nu \u00eenchid ochii, care spun adev\u0103rul clar \u015fi direct \u2013 nu numai noi, cei din Ucraina, ci \u00eentreaga lume ar trebui s\u0103 le fie recunosc\u0103toare. Este gre\u015fit \u015fi periculos s\u0103 se p\u0103streze t\u0103cerea cu privire la faptul c\u0103 Rusia este cea care ucide copii cu rachete balistice. Nu face dec\u00e2t s\u0103-i \u00eencurajeze pe nemernicii de la Moscova s\u0103 continue r\u0103zboiul \u015fi s\u0103 continue s\u0103 ignore diploma\u0163ia. Sl\u0103biciunea nu a pus niciodat\u0103 cap\u0103t unui r\u0103zboi. De aceea, sunt recunosc\u0103tor fiec\u0103rei \u0163\u0103ri ai c\u0103rei reprezentan\u0163i au vorbit \u2013 lideri, mini\u015ftri de externe, ambasade\u201d, a transmis pre\u0219edintele ucrainean.<\/p>","protected":false},"excerpt":{"rendered":"<p>UPDATE 8:00 Zi de doliu na\u021bional, dup\u0103 tragicul atac rusesc asupra ora\u015fului natal al pre\u015fedintelui&hellip;<\/p>\n","protected":false},"author":0,"featured_media":45341,"comment_status":"open","ping_status":"open","sticky":false,"template":"","format":"standard","meta":{"footnotes":""},"categories":[4],"tags":[],"class_list":["post-45340","post","type-post","status-publish","format-standard","has-post-thumbnail","hentry","category-extern"],"_links":{"self":[{"href":"https:\/\/247stiri.ro\/index.php\/wp-json\/wp\/v2\/posts\/45340","targetHints":{"allow":["GET"]}}],"collection":[{"href":"https:\/\/247stiri.ro\/index.php\/wp-json\/wp\/v2\/posts"}],"about":[{"href":"https:\/\/247stiri.ro\/index.php\/wp-json\/wp\/v2\/types\/post"}],"replies":[{"embeddable":true,"href":"https:\/\/247stiri.ro\/index.php\/wp-json\/wp\/v2\/comments?post=45340"}],"version-history":[{"count":0,"href":"https:\/\/247stiri.ro\/index.php\/wp-json\/wp\/v2\/posts\/45340\/revisions"}],"wp:featuredmedia":[{"embeddable":true,"href":"https:\/\/247stiri.ro\/index.php\/wp-json\/wp\/v2\/media\/45341"}],"wp:attachment":[{"href":"https:\/\/247stiri.ro\/index.php\/wp-json\/wp\/v2\/media?parent=45340"}],"wp:term":[{"taxonomy":"category","embeddable":true,"href":"https:\/\/247stiri.ro\/index.php\/wp-json\/wp\/v2\/categories?post=45340"},{"taxonomy":"post_tag","embeddable":true,"href":"https:\/\/247stiri.ro\/index.php\/wp-json\/wp\/v2\/tags?post=45340"}],"curies":[{"name":"wp","href":"https:\/\/api.w.org\/{rel}","templated":true}]}}