{"id":45342,"date":"2025-04-06T05:44:56","date_gmt":"2025-04-06T05:44:56","guid":{"rendered":"https:\/\/247stiri.ro\/index.php\/2025\/04\/06\/a-revenit-iarna-in-romania-peisaje-de-vis-la-munte-dar-si-probleme-pe-sosele-din-cauza-ninsorilor-video\/"},"modified":"2025-04-06T05:44:56","modified_gmt":"2025-04-06T05:44:56","slug":"a-revenit-iarna-in-romania-peisaje-de-vis-la-munte-dar-si-probleme-pe-sosele-din-cauza-ninsorilor-video","status":"publish","type":"post","link":"https:\/\/247stiri.ro\/index.php\/2025\/04\/06\/a-revenit-iarna-in-romania-peisaje-de-vis-la-munte-dar-si-probleme-pe-sosele-din-cauza-ninsorilor-video\/","title":{"rendered":"A revenit IARNA \u00een Rom\u00e2nia. Peisaje de vis la munte, dar \u0219i probleme pe \u0219osele, din cauza ninsorilor &#8211;  VIDEO"},"content":{"rendered":"<p>Potrivit prognozei, vremea va fi deosebit de rece pentru aceast\u00e3 dat\u00e3, cu maxime \u00eentre 2 \u015fi 10 grade. Vor fi \u00eennor\u00e3ri \u015fi precipita\u0163ii \u00een cea mai mare parte a \u0163\u00e3rii, ploi \u00een Dobrogea \u015fi pe arii restr\u00e2nse \u00een Oltenia, predominant ploi local \u00een Muntenia \u015fi mai ales lapovi\u0163\u00e3 \u015fi ninsoare \u00een celelate regiuni.<\/p>\n<p>\u00cen estul \u015fi sudul Transivaniei, vestul \u015fi nordul Moldovei \u015fi la munte se va depune strat de z\u00e3pad\u00e3 \u00een medie de 2&#8230;5 cm. Izolat cantit\u00e3\u0163ile de precipita\u0163ii vor mai putea atinge 10&#8230;15 l\/mp. V\u00e2ntul va avea intensific\u00e3ri \u00een cea mai mare parte a teritoriului, cu viteze de 50&#8230;70 km\/h, precum \u015fi la munte, unde la peste 1700 m vor fi rafale de 90&#8230;100 km\/h. Local \u015fi temporar ninsorile vor fi viscolite.<\/p>\n<p>\u00cen zona \u00eenalt\u0103 a jude\u021bului Maramure\u0219 ninge \u00eenc\u0103 de s\u00e2mb\u0103t\u0103 sear\u0103, iar \u0219oferii sunt ruga\u021bi s\u0103 fie aten\u021bi la condi\u021biile de drum, pentru c\u0103 sunt depuneri de z\u0103pad\u0103 \u00een zona Cavnic.<\/p>\n\n<p>\u0218i \u00een jude\u021bul Harghita este vreme de iarn\u0103 autentic\u0103, iar stratul de z\u0103pad\u0103 este consistent.<\/p>\n\n<p>Duminic\u0103 dimnea\u021b\u0103, ningea slab, \u00een acest moment, \u00een jude\u021bele Neam\u021b \u0219i Bac\u0103u (zona de munte), cu lapovi\u021b\u0103 (Boto\u0219ani, Vaslui) \u0219i ploi u\u0219oare \u00een restul regiunii.<\/p>\n\n<p>\u00a0<\/p>\n\n<p>\u00a0<\/p>\n<p>\u00a0<\/p>","protected":false},"excerpt":{"rendered":"<p>Potrivit prognozei, vremea va fi deosebit de rece pentru aceast\u00e3 dat\u00e3, cu maxime \u00eentre 2&hellip;<\/p>\n","protected":false},"author":0,"featured_media":45343,"comment_status":"open","ping_status":"open","sticky":false,"template":"","format":"standard","meta":{"footnotes":""},"categories":[2],"tags":[],"class_list":["post-45342","post","type-post","status-publish","format-standard","has-post-thumbnail","hentry","category-actual"],"_links":{"self":[{"href":"https:\/\/247stiri.ro\/index.php\/wp-json\/wp\/v2\/posts\/45342","targetHints":{"allow":["GET"]}}],"collection":[{"href":"https:\/\/247stiri.ro\/index.php\/wp-json\/wp\/v2\/posts"}],"about":[{"href":"https:\/\/247stiri.ro\/index.php\/wp-json\/wp\/v2\/types\/post"}],"replies":[{"embeddable":true,"href":"https:\/\/247stiri.ro\/index.php\/wp-json\/wp\/v2\/comments?post=45342"}],"version-history":[{"count":0,"href":"https:\/\/247stiri.ro\/index.php\/wp-json\/wp\/v2\/posts\/45342\/revisions"}],"wp:featuredmedia":[{"embeddable":true,"href":"https:\/\/247stiri.ro\/index.php\/wp-json\/wp\/v2\/media\/45343"}],"wp:attachment":[{"href":"https:\/\/247stiri.ro\/index.php\/wp-json\/wp\/v2\/media?parent=45342"}],"wp:term":[{"taxonomy":"category","embeddable":true,"href":"https:\/\/247stiri.ro\/index.php\/wp-json\/wp\/v2\/categories?post=45342"},{"taxonomy":"post_tag","embeddable":true,"href":"https:\/\/247stiri.ro\/index.php\/wp-json\/wp\/v2\/tags?post=45342"}],"curies":[{"name":"wp","href":"https:\/\/api.w.org\/{rel}","templated":true}]}}