{"id":45346,"date":"2025-04-06T05:44:58","date_gmt":"2025-04-06T05:44:58","guid":{"rendered":"https:\/\/247stiri.ro\/index.php\/2025\/04\/06\/batalia-mare-si-la-prezidentialele-din-polonia-nu-mai-putin-de-17-candidati-s-au-inscris-in-cursa-electorala\/"},"modified":"2025-04-06T05:44:58","modified_gmt":"2025-04-06T05:44:58","slug":"batalia-mare-si-la-prezidentialele-din-polonia-nu-mai-putin-de-17-candidati-s-au-inscris-in-cursa-electorala","status":"publish","type":"post","link":"https:\/\/247stiri.ro\/index.php\/2025\/04\/06\/batalia-mare-si-la-prezidentialele-din-polonia-nu-mai-putin-de-17-candidati-s-au-inscris-in-cursa-electorala\/","title":{"rendered":"B\u0103t\u0103lia mare \u0219i la preziden\u021bialele din Polonia. Nu mai pu\u021bin de 17 candida\u021bi s-au \u00eenscris \u00een cursa electoral\u0103"},"content":{"rendered":"<p>Guvernul centrist al prim-ministrului Donald Tusk sper\u0103 s\u0103 pun\u0103 cap\u0103t coabit\u0103rii incomode cu pre\u0219edinte conservator, cum a fost Andrzej Duda, care a blocat de mai multe ori reformele esen\u021biale ale Executivului, scrie Kyiv Post.<\/p>\n<p>\u0218aptesprezece candida\u021bi se vor confrunta pentru a deveni pre\u0219edintele Poloniei, a anun\u021bat vineri, 4 aprilie, comisia electoral\u0103, \u00een cadrul unui test cheie la urnele de vot, care va opune guvernul proeuropean aflat la putere celor doi contestatari na\u021bionali\u0219ti.<\/p>\n<p>Guvernul lui Tusk, care se afl\u0103 la conducere din decembrie 2023, \u00ee\u0219i dore\u0219te s\u0103 \u00eencheie perioada dificil\u0103 de coabitare cu pre\u0219edintele Duda, un aliat al partidului na\u021bionalist Lege \u0219i Justi\u021bie (PiS), care a blocat \u00een mod repetat \u00eencerc\u0103rile guvernului de a implementa promisiunile sale electorale.<\/p>\n<p>Vineri a fost ultima zi \u00een care candida\u021bii au putut s\u0103-\u0219i depun\u0103 candidaturile \u00eenainte de prima rund\u0103 a alegerilor, programat\u0103 pe 18 mai. De\u0219i num\u0103rul final al candida\u021bilor ar putea suferi modific\u0103ri dup\u0103 verific\u0103rile comisiei, un al doilea tur, planificat pentru 1 iunie, va fi probabil necesar pentru a decide succesorul lui Duda la conducerea Poloniei, membr\u0103 a Uniunii Europene \u0219i NATO.<\/p>\n<p>De la preluarea puterii \u00een decembrie 2023, Duda \u2013 care va p\u0103r\u0103si func\u021bia \u00een august, dup\u0103 ce \u0219i-a atins limita de dou\u0103 mandate de cinci ani \u2013 a lucrat pentru a \u00eempiedica guvernul s\u0103 implementeze reforma justi\u021biei \u0219i alte promisiuni electorale.<\/p>\n<p>Care sunt favori\u021bii sondajelor<\/p>\n<p>Printre cei care se afl\u0103 \u00een fruntea sondajelor se afl\u0103 primarul Var\u0219oviei, Rafal Trzaskowski, candidatul din partea Coali\u021biei Civice, cu un scor de aproximativ 33-35%. Trzaskowski este urmat de doi candida\u021bi eurosceptici, care se afl\u0103 \u00eentr-o competi\u021bie str\u00e2ns\u0103 pentru un loc \u00een al doilea tur de scrutin.<\/p>\n<p>Partidul PiS a ales s\u0103-l sus\u021bin\u0103 pe Karol Nawrocki, 42 de ani, \u0219eful Institutului de Memorie Na\u021bional\u0103 (IPN), responsabil cu investigarea crimelor din perioada nazist\u0103 \u0219i comunist\u0103. Nawrocki este cotat \u00een sondaje cu aproximativ 19-23% din voturi, fiind urmat de Slawomir Mentzen, 38 de ani, din partea confedera\u021biei de extrem\u0103 dreapt\u0103, care este cotat cu 17 &#8211; 19%.<\/p>\n<p>Ambii candida\u021bi sunt admiratori ai pre\u0219edintelui american Donald Trump, iar \u00een ciuda sus\u021binerii Poloniei fa\u021b\u0103 de Ucraina \u00een fa\u021ba invaziei ruse\u0219ti, ace\u0219tia critic\u0103 g\u0103zduirea celor aproape un milion de refugia\u021bi ucraineni pe teritoriul polonez.<\/p>\n<p>Printre al\u021bi candida\u021bi se num\u0103r\u0103 \u0219i pre\u0219edintele Parlamentului, Szymon Holownia, care reprezint\u0103 partidul de centru-dreapta Polonia 2050, parte a coali\u021biei guvernamentale. Acesta este cotat cu aproximativ 8% \u00een sondaje.<\/p>\n<p>\u00cen Polonia, o \u021bar\u0103 cu 38 de milioane de locuitori, atribu\u021biile pre\u0219edintelui sunt limitate, dar acesta coordoneaz\u0103 politica de ap\u0103rare \u0219i extern\u0103 \u0219i serve\u0219te oficial ca \u0219ef al armatei. De asemenea, pre\u0219edintele are dreptul de a propune \u0219i de a respinge legisla\u021bia.<\/p>","protected":false},"excerpt":{"rendered":"<p>Guvernul centrist al prim-ministrului Donald Tusk sper\u0103 s\u0103 pun\u0103 cap\u0103t coabit\u0103rii incomode cu pre\u0219edinte conservator,&hellip;<\/p>\n","protected":false},"author":0,"featured_media":45337,"comment_status":"open","ping_status":"open","sticky":false,"template":"","format":"standard","meta":{"footnotes":""},"categories":[2],"tags":[],"class_list":["post-45346","post","type-post","status-publish","format-standard","has-post-thumbnail","hentry","category-actual"],"_links":{"self":[{"href":"https:\/\/247stiri.ro\/index.php\/wp-json\/wp\/v2\/posts\/45346","targetHints":{"allow":["GET"]}}],"collection":[{"href":"https:\/\/247stiri.ro\/index.php\/wp-json\/wp\/v2\/posts"}],"about":[{"href":"https:\/\/247stiri.ro\/index.php\/wp-json\/wp\/v2\/types\/post"}],"replies":[{"embeddable":true,"href":"https:\/\/247stiri.ro\/index.php\/wp-json\/wp\/v2\/comments?post=45346"}],"version-history":[{"count":0,"href":"https:\/\/247stiri.ro\/index.php\/wp-json\/wp\/v2\/posts\/45346\/revisions"}],"wp:featuredmedia":[{"embeddable":true,"href":"https:\/\/247stiri.ro\/index.php\/wp-json\/wp\/v2\/media\/45337"}],"wp:attachment":[{"href":"https:\/\/247stiri.ro\/index.php\/wp-json\/wp\/v2\/media?parent=45346"}],"wp:term":[{"taxonomy":"category","embeddable":true,"href":"https:\/\/247stiri.ro\/index.php\/wp-json\/wp\/v2\/categories?post=45346"},{"taxonomy":"post_tag","embeddable":true,"href":"https:\/\/247stiri.ro\/index.php\/wp-json\/wp\/v2\/tags?post=45346"}],"curies":[{"name":"wp","href":"https:\/\/api.w.org\/{rel}","templated":true}]}}