{"id":45368,"date":"2025-04-06T08:44:56","date_gmt":"2025-04-06T08:44:56","guid":{"rendered":"https:\/\/247stiri.ro\/index.php\/2025\/04\/06\/circulatia-trenurilor-data-peste-cap-in-doua-judete-din-cauza-ninsorilor-si-a-viscolului-anuntul-cfr\/"},"modified":"2025-04-06T08:44:56","modified_gmt":"2025-04-06T08:44:56","slug":"circulatia-trenurilor-data-peste-cap-in-doua-judete-din-cauza-ninsorilor-si-a-viscolului-anuntul-cfr","status":"publish","type":"post","link":"https:\/\/247stiri.ro\/index.php\/2025\/04\/06\/circulatia-trenurilor-data-peste-cap-in-doua-judete-din-cauza-ninsorilor-si-a-viscolului-anuntul-cfr\/","title":{"rendered":"Circula\u021bia trenurilor, dat\u0103 peste cap \u00een dou\u0103 jude\u021be, din cauza ninsorilor \u0219i a viscolului. Anun\u021bul CFR"},"content":{"rendered":"<p>Compania Na\u0163ional\u0103 de C\u0103i Ferate CFR SA a anun\u0163at c\u0103, duminic\u0103 diminea\u0163\u0103, circula\u0163ia feroviar\u0103 se desf\u0103\u015foar\u0103 \u00een condi\u0163ii meteo nefavorabile, \u00een special pe raza Sucursalelor Regionale de C\u0103i Ferate Ia\u015fi \u015fi Bra\u015fov, din cauza ninsorilor \u015fi a v\u00e2ntului puternic.<\/p>\n<p>\u00a0\u00a0<\/p>\n<p>\u201e\u00cen urma verific\u0103rilor efectuate \u00een teren, de c\u0103tre personalul feroviar responsabil din cadrul celor dou\u0103 Sucursale Regionale, au fost constata\u0163i mai mul\u0163i copaci c\u0103zu\u0163i \u00een gabaritul liniilor de contact, din cauza precipita\u0163iilor abundente, care au dus, \u00een cele mai multe cazuri, la scoaterea tensiunii din liniile de contact \u015fi \u00eentreruperea temporar\u0103 a circula\u0163iei feroviare \u00een zonele afectate. \u00cen aceste condi\u0163ii, \u0163in\u00e2nd cont de faptul c\u0103 situa\u0163ia este \u00een desf\u0103\u015furare, v\u0103 inform\u0103m c\u0103 au fost \u015fi sunt \u00eendrumate drezinele pantograf, precum \u015fi orice alte utilaje necesare, \u00eempreun\u0103 cu personalul feroviar responsabil, pentru remedierea problemelor constatate, respectiv repunerea sub tensiune a liniilor de contact, \u00eendep\u0103rtarea copacilor din gabaritul liniilor \u015fi reluarea circula\u0163iei trenurilor \u00een condi\u0163ii de siguran\u0163\u0103\u201d, a transmis CFR SA.<\/p>","protected":false},"excerpt":{"rendered":"<p>Compania Na\u0163ional\u0103 de C\u0103i Ferate CFR SA a anun\u0163at c\u0103, duminic\u0103 diminea\u0163\u0103, circula\u0163ia feroviar\u0103 se&hellip;<\/p>\n","protected":false},"author":0,"featured_media":45369,"comment_status":"open","ping_status":"open","sticky":false,"template":"","format":"standard","meta":{"footnotes":""},"categories":[2],"tags":[],"class_list":["post-45368","post","type-post","status-publish","format-standard","has-post-thumbnail","hentry","category-actual"],"_links":{"self":[{"href":"https:\/\/247stiri.ro\/index.php\/wp-json\/wp\/v2\/posts\/45368","targetHints":{"allow":["GET"]}}],"collection":[{"href":"https:\/\/247stiri.ro\/index.php\/wp-json\/wp\/v2\/posts"}],"about":[{"href":"https:\/\/247stiri.ro\/index.php\/wp-json\/wp\/v2\/types\/post"}],"replies":[{"embeddable":true,"href":"https:\/\/247stiri.ro\/index.php\/wp-json\/wp\/v2\/comments?post=45368"}],"version-history":[{"count":0,"href":"https:\/\/247stiri.ro\/index.php\/wp-json\/wp\/v2\/posts\/45368\/revisions"}],"wp:featuredmedia":[{"embeddable":true,"href":"https:\/\/247stiri.ro\/index.php\/wp-json\/wp\/v2\/media\/45369"}],"wp:attachment":[{"href":"https:\/\/247stiri.ro\/index.php\/wp-json\/wp\/v2\/media?parent=45368"}],"wp:term":[{"taxonomy":"category","embeddable":true,"href":"https:\/\/247stiri.ro\/index.php\/wp-json\/wp\/v2\/categories?post=45368"},{"taxonomy":"post_tag","embeddable":true,"href":"https:\/\/247stiri.ro\/index.php\/wp-json\/wp\/v2\/tags?post=45368"}],"curies":[{"name":"wp","href":"https:\/\/api.w.org\/{rel}","templated":true}]}}