{"id":45372,"date":"2025-04-06T08:44:58","date_gmt":"2025-04-06T08:44:58","guid":{"rendered":"https:\/\/247stiri.ro\/index.php\/2025\/04\/06\/6-aprilie-ziua-nato-in-romania-cum-este-marcat-evenimentul-video\/"},"modified":"2025-04-06T08:44:58","modified_gmt":"2025-04-06T08:44:58","slug":"6-aprilie-ziua-nato-in-romania-cum-este-marcat-evenimentul-video","status":"publish","type":"post","link":"https:\/\/247stiri.ro\/index.php\/2025\/04\/06\/6-aprilie-ziua-nato-in-romania-cum-este-marcat-evenimentul-video\/","title":{"rendered":"6 aprilie, Ziua NATO \u00een Rom\u00e2nia. Cum este marcat evenimentul? &#8211; VIDEO"},"content":{"rendered":"<p>Pentru stabilirea datei dedicate acestei zile, s-a \u021binut cont de momentul ader\u0103rii Rom\u00e2niei la Organiza\u021bia Tratatului Atlanticului de Nord, respectiv data de 29 martie 2004, precum \u0219i de ziua arbor\u0103rii drapelului Rom\u00e2niei la sediul organiza\u021biei NATO, la Bruxelles, anume data de 2 aprilie 2004, conform <a href=\"https:\/\/www.mae.ro\/\" target=\"_blank\">www.mae.ro<\/a>.Un eveniment de referin\u021b\u0103 pentru societatea rom\u00e2neasc\u0103, din perspectiva statutului Rom\u00e2niei de aliat NATO \u0219i a semnifica\u021biilor asociate acestui moment, Ziua NATO reprezint\u0103 o s\u0103rb\u0103toare public\u0103 dedicat\u0103 democra\u021biei \u0219i spiritului european \u0219i euro-atlantic.<\/p>\n<p>Aceasta este marcat\u0103 printr-o serie de manifest\u0103ri organizate \u00een toate localit\u0103\u021bile unde sunt unit\u0103\u021bi militare, \u00een \u021b\u0103rile \u00een care Rom\u00e2nia are acredita\u021bi ata\u0219a\u021bi ai ap\u0103r\u0103rii \u0219i \u00een bazele militare din teatrele de opera\u021bii unde sunt disloca\u021bi militari rom\u00e2ni. Statele majore ale categoriilor de for\u021be ale armatei, comandamentele, marile unit\u0103\u021bi \u0219i unit\u0103\u021bile militare de pe \u00eentreg teritoriul \u021b\u0103rii organizeaz\u0103, cu acest prilej, ceremonii militare, Ziua Por\u021bilor Deschise, activit\u0103\u021bi cultural-artistice \u0219i sportive, simpozioane \u0219i expozi\u021bii.<\/p>","protected":false},"excerpt":{"rendered":"<p>Pentru stabilirea datei dedicate acestei zile, s-a \u021binut cont de momentul ader\u0103rii Rom\u00e2niei la Organiza\u021bia&hellip;<\/p>\n","protected":false},"author":0,"featured_media":45373,"comment_status":"open","ping_status":"open","sticky":false,"template":"","format":"standard","meta":{"footnotes":""},"categories":[2],"tags":[],"class_list":["post-45372","post","type-post","status-publish","format-standard","has-post-thumbnail","hentry","category-actual"],"_links":{"self":[{"href":"https:\/\/247stiri.ro\/index.php\/wp-json\/wp\/v2\/posts\/45372","targetHints":{"allow":["GET"]}}],"collection":[{"href":"https:\/\/247stiri.ro\/index.php\/wp-json\/wp\/v2\/posts"}],"about":[{"href":"https:\/\/247stiri.ro\/index.php\/wp-json\/wp\/v2\/types\/post"}],"replies":[{"embeddable":true,"href":"https:\/\/247stiri.ro\/index.php\/wp-json\/wp\/v2\/comments?post=45372"}],"version-history":[{"count":0,"href":"https:\/\/247stiri.ro\/index.php\/wp-json\/wp\/v2\/posts\/45372\/revisions"}],"wp:featuredmedia":[{"embeddable":true,"href":"https:\/\/247stiri.ro\/index.php\/wp-json\/wp\/v2\/media\/45373"}],"wp:attachment":[{"href":"https:\/\/247stiri.ro\/index.php\/wp-json\/wp\/v2\/media?parent=45372"}],"wp:term":[{"taxonomy":"category","embeddable":true,"href":"https:\/\/247stiri.ro\/index.php\/wp-json\/wp\/v2\/categories?post=45372"},{"taxonomy":"post_tag","embeddable":true,"href":"https:\/\/247stiri.ro\/index.php\/wp-json\/wp\/v2\/tags?post=45372"}],"curies":[{"name":"wp","href":"https:\/\/api.w.org\/{rel}","templated":true}]}}