{"id":45384,"date":"2025-04-06T10:44:53","date_gmt":"2025-04-06T10:44:53","guid":{"rendered":"https:\/\/247stiri.ro\/index.php\/2025\/04\/06\/explozie-la-metrou-la-viitoarea-statie-baneasa-de-pe-magistrala-spre-aeroportul-otopeni-interventie-de-urgenta-un-muncitor-ranit\/"},"modified":"2025-04-06T10:44:53","modified_gmt":"2025-04-06T10:44:53","slug":"explozie-la-metrou-la-viitoarea-statie-baneasa-de-pe-magistrala-spre-aeroportul-otopeni-interventie-de-urgenta-un-muncitor-ranit","status":"publish","type":"post","link":"https:\/\/247stiri.ro\/index.php\/2025\/04\/06\/explozie-la-metrou-la-viitoarea-statie-baneasa-de-pe-magistrala-spre-aeroportul-otopeni-interventie-de-urgenta-un-muncitor-ranit\/","title":{"rendered":"Explozie la METROU, la viitoarea sta\u021bie B\u0102NEASA, de pe magistrala spre aeroportul Otopeni. Interven\u021bie de urgen\u021b\u0103, un muncitor r\u0103nit"},"content":{"rendered":"<p>Un utilaj sub presiune, cel mai probabil hidraulic, a explodat, \u015fi a r\u0103nit un b\u0103rbat de 26 de ani.\u00a0<\/p>\n<p>Muncitorul, de na\u0163ionalitate turc\u0103, a fost transportat la Spitalul Elias, fiind con\u015ftient. Ini\u0163ial, muncitorul a fost evaluat la fa\u0163a locului, potrivit reprezentan\u0163ilor ISU Bucure\u015fti, cita\u021bi de jurnalistul Realitatea Plus Alesia P\u0103curaru.<\/p>\n<p>&#8222;Poli\u021bi\u0219ti din cadrul Direc\u021biei Generale de Poli\u021bie a Municipiului Bucure\u0219ti- Brigada de Poli\u021bie pentru Transportul Public au fost sesiza\u021bi cu privire la faptul c\u0103 la o magistral\u0103 de metrou, la care se execut\u0103 lucr\u0103ri, din Sectorul 1, ar fi avut loc o explozie.<\/p>\n<p>La fa\u021ba locului s-au deplasat cu operativitate poli\u021bi\u0219ti din cadrul structurii de poli\u021bie care au procedat la asigurarea locului.<\/p>\n<p>De asemenea la fa\u021ba locului s-au deplasat \u0219i echipaje de prim-ajutor, dar \u0219i echipaje de pompieri din cadrul ISU-BIF.<\/p>\n<p>\u00cen cauz\u0103, un b\u0103rbat, cet\u0103\u021bean str\u0103in, a primit \u00eengrijiri medicale, ulterior fiind transportat la spital, \u00een stare stabil\u0103, pentru \u00eengrijiri medicale suplimentare.<\/p>\n<p>Din primele verific\u0103ri a reie\u0219it faptul c\u0103 explozia s-ar fi produs la un utilaj sub presiune \u0219i a surprins b\u0103rbatul \u00een cauz\u0103.<\/p>\n<p>Verific\u0103rile sunt continuate de c\u0103tre poli\u021bi\u0219ti din cadrul Brig\u0103zii de Poli\u021bie pentru Transportul Public pentru stabilirea situa\u021biei de fapt,&#8221; a\u00a0 transmis Poli\u021bia Capitalei.<\/p>\n<p>Lucr\u0103rile la magistrala 6 a metroului din Bucuresti (M6), pe sectiunea 1 Mai \u2013 Tokyo, sunt executate de Asocierea de constructori Alsim Alarko \u2013 Makyol, din Turcia.\u00a0<\/p>\n<p><a title=\"Magistrala 4 de metrou va fi extinsa cu 13 statii noi. Cand ar trebui sa fie gata\" href=\"https:\/\/www.realitatea.net\/stiri\/actual\/magistrala-4-de-metrou-va-fi-extinsa-cu-13-statii-noi-cand-ar-trebui-sa-fie-gata_67adc2cc8d76ae54aa249bb2\">Magistrala 4 de metrou va fi extins\u0103 cu 13 sta\u021bii noi. C\u00e2nd ar trebui s\u0103 fie gata<\/a><a title=\"Ministerul Transporturilor a avizat o noua linie de metrou in Capitala. Magistrala M4 va face legatura intre Gara de Nord 2 si Gara Progresul\" href=\"https:\/\/www.realitatea.net\/stiri\/actual\/ministerul-transporturilor-a-avizat-o-noua-linie-de-metrou-in-capitala-magistrala-m4-va-face-legatura-intre-gara-de-nord-2-si-gara-progresul_67acafca40b80b4d09473272\">Ministerul Transporturilor a avizat o nou\u0103 linie de metrou \u00een Capital\u0103. Magistrala M4 va face leg\u0103tura \u00eentre Gara de Nord 2 \u0219i Gara Progresul<\/a><\/p>","protected":false},"excerpt":{"rendered":"<p>Un utilaj sub presiune, cel mai probabil hidraulic, a explodat, \u015fi a r\u0103nit un b\u0103rbat&hellip;<\/p>\n","protected":false},"author":0,"featured_media":45385,"comment_status":"open","ping_status":"open","sticky":false,"template":"","format":"standard","meta":{"footnotes":""},"categories":[2],"tags":[],"class_list":["post-45384","post","type-post","status-publish","format-standard","has-post-thumbnail","hentry","category-actual"],"_links":{"self":[{"href":"https:\/\/247stiri.ro\/index.php\/wp-json\/wp\/v2\/posts\/45384","targetHints":{"allow":["GET"]}}],"collection":[{"href":"https:\/\/247stiri.ro\/index.php\/wp-json\/wp\/v2\/posts"}],"about":[{"href":"https:\/\/247stiri.ro\/index.php\/wp-json\/wp\/v2\/types\/post"}],"replies":[{"embeddable":true,"href":"https:\/\/247stiri.ro\/index.php\/wp-json\/wp\/v2\/comments?post=45384"}],"version-history":[{"count":0,"href":"https:\/\/247stiri.ro\/index.php\/wp-json\/wp\/v2\/posts\/45384\/revisions"}],"wp:featuredmedia":[{"embeddable":true,"href":"https:\/\/247stiri.ro\/index.php\/wp-json\/wp\/v2\/media\/45385"}],"wp:attachment":[{"href":"https:\/\/247stiri.ro\/index.php\/wp-json\/wp\/v2\/media?parent=45384"}],"wp:term":[{"taxonomy":"category","embeddable":true,"href":"https:\/\/247stiri.ro\/index.php\/wp-json\/wp\/v2\/categories?post=45384"},{"taxonomy":"post_tag","embeddable":true,"href":"https:\/\/247stiri.ro\/index.php\/wp-json\/wp\/v2\/tags?post=45384"}],"curies":[{"name":"wp","href":"https:\/\/api.w.org\/{rel}","templated":true}]}}