{"id":45392,"date":"2025-04-06T12:44:55","date_gmt":"2025-04-06T12:44:55","guid":{"rendered":"https:\/\/247stiri.ro\/index.php\/2025\/04\/06\/doliu-urias-in-biserica-ortodoxa-romana-inca-un-preot-s-a-stins-inainte-de-vreme-chiar-in-postul-pastelui\/"},"modified":"2025-04-06T12:44:55","modified_gmt":"2025-04-06T12:44:55","slug":"doliu-urias-in-biserica-ortodoxa-romana-inca-un-preot-s-a-stins-inainte-de-vreme-chiar-in-postul-pastelui","status":"publish","type":"post","link":"https:\/\/247stiri.ro\/index.php\/2025\/04\/06\/doliu-urias-in-biserica-ortodoxa-romana-inca-un-preot-s-a-stins-inainte-de-vreme-chiar-in-postul-pastelui\/","title":{"rendered":"Doliu uria\u0219 \u00een Biseric\u0103 Ortodoxa Rom\u00e2n\u0103. \u00cenc\u0103 un preot s-a stins \u00eenainte de vreme, chiar \u00een Postul Pa\u0219telui"},"content":{"rendered":"<p>Timp de aproape trei decenii, p\u0103rintele Damian a fost o prezen\u021b\u0103 statornic\u0103 \u0219i luminoas\u0103 \u00een via\u021ba duhovniceasc\u0103 a credincio\u0219ilor, slujind cu credin\u021b\u0103 \u0219i jertfelnicie \u00een mai multe parohii ale Arhiepiscopiei T\u00e2rgovi\u0219tei.<\/p>\n<p>Comunitatea local\u0103, colegii din cler \u0219i to\u021bi cei care l-au cunoscut \u00eel evoc\u0103 drept un om cu suflet bl\u00e2nd, cuvios \u0219i mereu atent la nevoile celor din jur. Plecarea sa fulger\u0103toare las\u0103 un gol profund \u00een inimile celor care l-au iubit \u0219i apreciat.<\/p>\n\n<p>Parcursul s\u0103u pastoral a \u00eenceput \u00een anul 1997, ca preot al Parohiei Odobe\u0219ti, Protoieria Titu, unde a p\u0103storit p\u00e2n\u0103 \u00een anul 2000. A urmat o perioad\u0103 lung\u0103 de 19 ani la Paraclisul eparhial Kretzulescu din T\u00e2rgovi\u0219te, unde slujbele sale, pline de sobrietate \u0219i ad\u00e2nc\u0103 tr\u0103ire, au adunat mul\u021bi credincio\u0219i. \u00centre 2019 \u0219i 2022, a fost preot al Parohiei Izvoare, din Protoieria T\u00e2rgovi\u0219te Nord, iar \u00een ultimii ani, din 2022 p\u00e2n\u0103 \u00een 2025, a p\u0103storit Parohia D\u00e2mbovicioara, \u00een cadrul Protoieriei Titu.<\/p>\n<p>\u00a0<\/p>","protected":false},"excerpt":{"rendered":"<p>Timp de aproape trei decenii, p\u0103rintele Damian a fost o prezen\u021b\u0103 statornic\u0103 \u0219i luminoas\u0103 \u00een&hellip;<\/p>\n","protected":false},"author":0,"featured_media":45393,"comment_status":"open","ping_status":"open","sticky":false,"template":"","format":"standard","meta":{"footnotes":""},"categories":[2],"tags":[],"class_list":["post-45392","post","type-post","status-publish","format-standard","has-post-thumbnail","hentry","category-actual"],"_links":{"self":[{"href":"https:\/\/247stiri.ro\/index.php\/wp-json\/wp\/v2\/posts\/45392","targetHints":{"allow":["GET"]}}],"collection":[{"href":"https:\/\/247stiri.ro\/index.php\/wp-json\/wp\/v2\/posts"}],"about":[{"href":"https:\/\/247stiri.ro\/index.php\/wp-json\/wp\/v2\/types\/post"}],"replies":[{"embeddable":true,"href":"https:\/\/247stiri.ro\/index.php\/wp-json\/wp\/v2\/comments?post=45392"}],"version-history":[{"count":0,"href":"https:\/\/247stiri.ro\/index.php\/wp-json\/wp\/v2\/posts\/45392\/revisions"}],"wp:featuredmedia":[{"embeddable":true,"href":"https:\/\/247stiri.ro\/index.php\/wp-json\/wp\/v2\/media\/45393"}],"wp:attachment":[{"href":"https:\/\/247stiri.ro\/index.php\/wp-json\/wp\/v2\/media?parent=45392"}],"wp:term":[{"taxonomy":"category","embeddable":true,"href":"https:\/\/247stiri.ro\/index.php\/wp-json\/wp\/v2\/categories?post=45392"},{"taxonomy":"post_tag","embeddable":true,"href":"https:\/\/247stiri.ro\/index.php\/wp-json\/wp\/v2\/tags?post=45392"}],"curies":[{"name":"wp","href":"https:\/\/api.w.org\/{rel}","templated":true}]}}