{"id":45396,"date":"2025-04-06T12:44:57","date_gmt":"2025-04-06T12:44:57","guid":{"rendered":"https:\/\/247stiri.ro\/index.php\/2025\/04\/06\/planul-rosu-de-interventie-un-microbuz-s-a-rasturnat-la-iesirea-din-pascani-spre-iasi\/"},"modified":"2025-04-06T12:44:57","modified_gmt":"2025-04-06T12:44:57","slug":"planul-rosu-de-interventie-un-microbuz-s-a-rasturnat-la-iesirea-din-pascani-spre-iasi","status":"publish","type":"post","link":"https:\/\/247stiri.ro\/index.php\/2025\/04\/06\/planul-rosu-de-interventie-un-microbuz-s-a-rasturnat-la-iesirea-din-pascani-spre-iasi\/","title":{"rendered":"Planul Ro\u015fu de Interven\u0163ie: un microbuz s-a r\u0103sturnat la ie\u015firea din Pa\u015fcani spre Ia\u015fi"},"content":{"rendered":"<p>Un microbuz s-a r\u0103sturnat, iar 15 persoane aflate \u00een acesta s-au autoevacuat, toate con\u0219tiente. Din ordinul Inspectorului \u0219ef a fost activat Planul ro\u0219u de interven\u021bie, potrivit <a href=\"https:\/\/bit24.ro\/accident-rutier-grav-la-iesirea-din-pascani-a-fost-activat-planul-rosu-de-interventie\/?fbclid=IwY2xjawJfSoRleHRuA2FlbQIxMAABHvyA7-HpfFP4Ngq9le56fOy7S4imhnJd316tw4AdJVXoru2BeyLAu_S_JQuh_aem_xlcNTm9EYE7BPDKQshzpWQ\" target=\"_blank\">Bit24.ro.<\/a><\/p>\n<p><a class=\"td-modal-image\" href=\"https:\/\/bit24.ro\/wp-content\/uploads\/2025\/04\/WhatsApp-Image-2025-04-06-at-14.46.33.jpeg\"><\/a> \u00a0\u201eLa fa\u021ba locului au fost direc\u021bionate de urgen\u021b\u0103 trei autospeciale de interven\u021bie \u0219i stingere cu ap\u0103 \u0219i spum\u0103 cu modul de descarcerare \u0219i acordarea primului ajutor, o autospecial\u0103 de descarcerare dou\u0103 ambulan\u021be de prim ajutor calificat, dou\u0103 autospeciale pentru transportul victimelor multiple \u0219i personal \u0219i dou\u0103 echipaje medicale de la SAJ Ia\u0219i. La ora 14.15 s-a activat Planul ro\u0219u de interven\u021bie\u201d informeaz\u0103 ISU Ia\u0219i.<\/p>\n<p>\u00cen urma evalu\u0103rii medicale la fa\u021ba locului au fost transportate dou\u0103 persoane la spital.<\/p>\n<p>La ora 14:32 a fost dezactivat planul ro\u0219u de interven\u021bie.<\/p>","protected":false},"excerpt":{"rendered":"<p>Un microbuz s-a r\u0103sturnat, iar 15 persoane aflate \u00een acesta s-au autoevacuat, toate con\u0219tiente. Din&hellip;<\/p>\n","protected":false},"author":0,"featured_media":45397,"comment_status":"open","ping_status":"open","sticky":false,"template":"","format":"standard","meta":{"footnotes":""},"categories":[2],"tags":[],"class_list":["post-45396","post","type-post","status-publish","format-standard","has-post-thumbnail","hentry","category-actual"],"_links":{"self":[{"href":"https:\/\/247stiri.ro\/index.php\/wp-json\/wp\/v2\/posts\/45396","targetHints":{"allow":["GET"]}}],"collection":[{"href":"https:\/\/247stiri.ro\/index.php\/wp-json\/wp\/v2\/posts"}],"about":[{"href":"https:\/\/247stiri.ro\/index.php\/wp-json\/wp\/v2\/types\/post"}],"replies":[{"embeddable":true,"href":"https:\/\/247stiri.ro\/index.php\/wp-json\/wp\/v2\/comments?post=45396"}],"version-history":[{"count":0,"href":"https:\/\/247stiri.ro\/index.php\/wp-json\/wp\/v2\/posts\/45396\/revisions"}],"wp:featuredmedia":[{"embeddable":true,"href":"https:\/\/247stiri.ro\/index.php\/wp-json\/wp\/v2\/media\/45397"}],"wp:attachment":[{"href":"https:\/\/247stiri.ro\/index.php\/wp-json\/wp\/v2\/media?parent=45396"}],"wp:term":[{"taxonomy":"category","embeddable":true,"href":"https:\/\/247stiri.ro\/index.php\/wp-json\/wp\/v2\/categories?post=45396"},{"taxonomy":"post_tag","embeddable":true,"href":"https:\/\/247stiri.ro\/index.php\/wp-json\/wp\/v2\/tags?post=45396"}],"curies":[{"name":"wp","href":"https:\/\/api.w.org\/{rel}","templated":true}]}}